{"id":72847894,"date":"2011-09-28T13:23:05","date_gmt":"2011-09-28T13:23:05","guid":{"rendered":"http:\/\/lichttechnik.posterous.com\/eventlokalech-september-2011"},"modified":"2011-09-28T13:23:05","modified_gmt":"2011-09-28T13:23:05","slug":"eventlokalech-september-2011","status":"publish","type":"post","link":"https:\/\/www.lichttechnik.info\/news\/2011\/09\/eventlokalech-september-2011\/","title":{"rendered":"eventlokale.ch September 2011"},"content":{"rendered":"\n<div align=\"center\">\n<table border=\"0\" width=\"700\">\n<tr>\n<td align=\"left\" width=\"700\">\n<div align=\"right\"><strong>&nbsp;eventlokale.ch \/ September 2011&nbsp; <\/strong><\/div>\n<div align=\"center\">\n<table border=\"0\" width=\"685\">\n<tr>\n<td align=\"left\" width=\"685\">\n<div align=\"center\">\n<table border=\"0\" width=\"685\">\n<tr>\n<td align=\"left\" width=\"683\" colspan=\"2\">\n<p><strong><\/p>\n<div class='p_embed p_image_embed'><a href=\"http:\/\/getfile9.posterous.com\/getfile\/files.posterous.com\/lichttechnik\/W7wr7ERam1nzNeF1qg0xTQpbOqcxPQR8VjY4D1PizUCBC8MISKqzaCimY9HY\/LOGO.jpg\"><img loading=\"lazy\" decoding=\"async\" alt=\"Logo\" height=\"121\" src=\"http:\/\/www.lichttechnik.info\/news\/wp-content\/uploads\/2013\/04\/logo-scaled-500.jpg\" width=\"500\" \/><\/a><\/div>\n<p><\/strong><\/p>\n<\/td>\n<\/tr>\n<tr>\n<td align=\"left\" width=\"683\" colspan=\"2\">\n<hr \/>\n<p> An unsere Kunden, Locations und Event-Dienstleister sowie Neuigkeiten-Empf\u00e4nger <\/p>\n<p>&nbsp;<\/p>\n<\/td>\n<\/tr>\n<tr>\n<td align=\"left\" width=\"342\">Gr\u00fcezi mitenand <\/td>\n<td align=\"left\" width=\"371\"> <\/td>\n<\/tr>\n<tr>\n<td align=\"left\" width=\"683\" colspan=\"2\">\n<p>Gerne informieren wir Sie wiederum \u00fcber unsere Premium und Top Premium Lokale&nbsp;und&nbsp;Event-Dienstleister sowie weiteren interessanten Angebote. <\/p>\n<p>Verschiedene Lokale und Event-Dienstleister bieten Ihnen jetzt noch passende&nbsp;Last Minute Angebote f\u00fcr Ihre Weihnachtsfeier an. Verpassen Sie nicht die Gelegenheit und planen Sie noch heute Ihren Gesch\u00e4fts- oder MitarbeiterInnen Anlass zur Weihnachtszeit. Denn in drei Monaten ist es schon wieder soweit. <\/p>\n<p \/>Mit unserem Portal unterst\u00fctzen wir Sie bei der Locations-Suche oder auch einem passenden Angebot von Event-Catering, Event-Mobiliar, Event-Agentur oder der unterhaltsamen Band etc. All dies und noch viel mehr finden Sie auch unter der Rubrik Event-Diverses. <\/p>\n<\/p>\n<p>Als Locations-Scout suchen wir pers\u00f6nlich nach Ihren W\u00fcnschen und Kriterien Ihre passende Location oder Event-Dienstleister. Fragen Sie uns an.  <\/p>\n<p>Wir w\u00fcnschen Ihnen eine erfolgreiche Event-Organisation. <\/p>\n<p>Das Team von eventlokale.ch <\/p>\n<p>&nbsp;<\/p>\n<\/td>\n<\/tr>\n<tr>\n<td align=\"left\" width=\"683\" colspan=\"2\">\n<p>&nbsp;<\/p>\n<\/td>\n<\/tr>\n<tr>\n<td align=\"left\" width=\"683\" colspan=\"2\"><strong> <\/strong><\/p>\n<hr \/>\n<p>Das i-T\u00fcpfli f\u00fcr Ihren Event <\/p>\n<hr \/>\n<\/td>\n<\/tr>\n<tr>\n<td align=\"left\" height=\"228\" width=\"683\" colspan=\"2\">\n<p><strong>Als Alternative zur Dinner-Bestuhlung, als Erg\u00e4nzung zu Stehtischen oder einfach als Get-together-Ort. Mit einer Lounge verleihen Sie Ihrem Event eine besondere Note. <\/strong><\/p>\n<p align=\"justify\" style=\"text-align:justify;line-height:125%;margin-bottom:0;\">Passend zu Ihrem Event-Motto und Budget w\u00e4hlen Sie bei rent-a-lounge Ihre Lounge aus \u00fcber 15 verschiedenen Modellen mit mehr als 1&#8217;500 Sitzpl\u00e4tzen. Von der Orient-Liege \u00fcber einfache Sitzw\u00fcrfel bis hin zum edlen Designer-Sofa. Mit rent-a-lounge setzen Sie Ihren Event gekonnt in Szene.<\/p>\n<p align=\"justify\" style=\"text-align:justify;line-height:125%;margin-bottom:0;\">Denn das Miet-Sortiment umfasst nicht nur Sofas, Sessel und Lounge-Tische. Bei rent-a-lounge bieten wir Ihnen zudem erg\u00e4nzendes Mobiliar. Hoch- und Stehtische, Bar-Elemente und Barhocker. LED-Cubes und LED-Tische. Und was nat\u00fcrlich nicht fehlen darf, ist die einzigartige Auswahl an Event-Dekoration. Pflanzen, Totem, Tonkr\u00fcge, Steinfelsen, K\u00fche, K\u00e4ngurus und vieles andere mehr finden Sie bei uns im Deko-Fundus.<\/p>\n<p align=\"justify\" style=\"text-align:justify;line-height:125%;margin-bottom:0;\">Setzen Sie das i-T\u00fcpfli auf Ihren Event mit Mietm\u00f6bel von rent-a-lounge. Denn M\u00f6bel mieten ist Vertrauenssache.<\/p>\n<p align=\"justify\" style=\"text-align:justify;line-height:125%;margin-bottom:0;\">\n<p>&nbsp;<\/p>\n<div class='p_embed p_image_embed'><img loading=\"lazy\" decoding=\"async\" alt=\"Logo_rent-a-lounge_klein\" height=\"213\" src=\"http:\/\/www.lichttechnik.info\/news\/wp-content\/uploads\/2013\/04\/logo_rent-a-lounge_klein.jpg\" width=\"283\" \/><\/div>\n<p>&nbsp;&nbsp;&nbsp;&nbsp;&nbsp;&nbsp;&nbsp;&nbsp;&nbsp;<\/p>\n<div class='p_embed p_image_embed'><img loading=\"lazy\" decoding=\"async\" alt=\"Rent-a-lounge_white-lounge\" height=\"310\" src=\"http:\/\/www.lichttechnik.info\/news\/wp-content\/uploads\/2013\/04\/rent-a-lounge_white-lounge.jpg\" width=\"440\" \/><\/div>\n<\/p>\n<p><span> <\/span><\/p>\n<p align=\"left\">rent-a-lounge I Limmatstrasse 55 I 5412 Vogelsang <br \/>056 470 25 18 I <a href=\"mailto:info@rent-a-lounge.ch\">info@rent-a-lounge.ch<\/a> <br \/><a href=\"http:\/\/www.rent-a-lounge.ch\">www.rent-a-lounge.ch<\/a><\/p>\n<p>&nbsp;<\/p>\n<p>&nbsp;<\/p>\n<\/td>\n<\/tr>\n<tr>\n<td align=\"left\" width=\"683\" colspan=\"2\">&nbsp; Werbung <\/p>\n<hr \/>\n<p align=\"center\"><a href=\"http:\/\/ad.zanox.com\/ppc\/?19394031C1990868418T&amp;utm_source=Newsletter_August_2011&amp;utm_medium=Newsletter_August_2011&amp;utm_term=Newsletter_August_2011&amp;utm_content=Newsletter_August_2011&amp;utm_campaign=Newsletter_August_2011\" target=\"_blank\"><\/a><a href=\"http:\/\/ad.zanox.com\/ppc\/?19394031C1990868418T&amp;utm_source=Newsletter_August_2011&amp;utm_medium=Newsletter_August_2011&amp;utm_term=Newsletter_August_2011&amp;utm_content=Newsletter_August_2011&amp;utm_campaign=Newsletter_August_2011\" target=\"_blank\"><\/p>\n<div class='p_embed p_image_embed'><img loading=\"lazy\" decoding=\"async\" alt=\"Ferrari468x60\" height=\"60\" src=\"http:\/\/www.lichttechnik.info\/news\/wp-content\/uploads\/2013\/04\/ferrari468x60.gif\" width=\"468\" \/><\/div>\n<p><\/a><\/p>\n<p align=\"right\">\n<hr \/>\n<p><\/td>\n<\/tr>\n<tr>\n<td align=\"left\" width=\"683\" colspan=\"2\"><strong>Casino Dinner <br \/> <\/strong><\/p>\n<hr \/>\n<\/td>\n<\/tr>\n<tr>\n<td align=\"left\" width=\"683\" colspan=\"2\">\n<p>&nbsp;<strong>Genissen Sie mit Ihren Mitarbeitern ein kulinarisches Verw\u00f6hnprogramm \u00e0 discr\u00e9tion in stimmigen Ambiente. <\/strong><\/p>\n<p align=\"justify\"><strong>Grenzenloser Genuss<br \/><\/strong>&nbsp;Verbringen Sie mit Ihren G\u00e4sten einen gem\u00fctlichen Abend und essen und trinken Sie w\u00e4hrend drei Stunden, was Ihr Herz begehrt. Das Schlaraffenland-Programm bietet Ihnen eine Vielzahl von Vorspeisen und Salaten, knackiges Gem\u00fcse, verschiedene Braten, ganze Fische, verf\u00fchrerische Desserts und zum Schluss aromatischen Kaffee. Dabei werden nur hochwertige Produkte verwendet, hergestellt mit besonderer Sorgfalt und m\u00f6glichst naturbelassen zubereitet. Als Getr\u00e4nk servieren wir zwei verschiedene ausgesuchte sowie Mineralwasser und Bier nach Wunsch. Das reichhaltige B\u00fcffet ist den ganzen Abend f\u00fcr Sie und Ihre G\u00e4ste reserviert.<\/p>\n<p align=\"justify\" style=\"text-align:justify;\">Um einen Kunden- oder Mitarbeiteranlass nicht zu &#8220;trocken&#8221; werden zu lassen, sollte man f\u00fcr etwas Abwechslung und Spass sorgen&#8230;&#8230;&#8230; Mieten Sie unsere Original Las-Vegas-Spieltische wie Blackjack &#8211; Roulette &#8211; Poker &#8211; Dice etc.<\/p>\n<p align=\"justify\" style=\"text-align:justify;\">&nbsp;<\/p>\n<\/p>\n<p><div class='p_embed p_image_embed'><img loading=\"lazy\" decoding=\"async\" alt=\"Bestwesterncasino11\" height=\"215\" src=\"http:\/\/www.lichttechnik.info\/news\/wp-content\/uploads\/2013\/04\/bestwesterncasino11.jpg\" width=\"324\" \/><\/div>\n<p>&nbsp;&nbsp;&nbsp;&nbsp;&nbsp;&nbsp;&nbsp;<\/p>\n<div class='p_embed p_image_embed'><img loading=\"lazy\" decoding=\"async\" alt=\"Bestwesterncasino22\" height=\"215\" src=\"http:\/\/www.lichttechnik.info\/news\/wp-content\/uploads\/2013\/04\/bestwesterncasino22.jpg\" width=\"324\" \/><\/div>\n<p><\/p>\n<p style=\"margin-bottom:12pt;\"><span style=\"font-family:Times New Roman, serif;font-size:16pt;\"><b><\/b><\/span><\/p>\n<\/p>\n<p>Best Western TREND HOTEL**** <br \/>Eichwatt <br \/>Dorfstrasse 20 <br \/>CH &#8211; 8105 Z\u00fcrich-Regensdorf\/Watt <br \/>Tel: 0041 44 870 88 88 <br \/>Fax: 0041 44 870 88 99 <br \/><a href=\"mailto:info@trend-hotel.ch\">info@trend-hotel.ch<\/a> <br \/><a href=\"http:\/\/www.trend-hotel.ch\/?utm_source=Newsletter_August_2011&amp;utm_medium=Newsletter_August_2011&amp;utm_term=Newsletter_August_2011&amp;utm_content=Newsletter_August_2011&amp;utm_campaign=Newsletter_August_2011\">www.trend-hotel.ch<\/a><\/p>\n<p>&amp;nb<br \/>\nsp;<\/p>\n<p>&nbsp;<\/p>\n<\/td>\n<\/tr>\n<tr>\n<td align=\"left\" width=\"683\" colspan=\"2\">\n<p align=\"left\">Werbung <\/p>\n<hr \/>\n<p align=\"center\"><a href=\"http:\/\/www.zpk.org\/?utm_source=Newsletter_August_2011&amp;utm_medium=Newsletter_August_2011&amp;utm_term=Newsletter_August_2011&amp;utm_content=Newsletter_August_2011&amp;utm_campaign=Newsletter_August_2011\" target=\"_blank\"><\/p>\n<div class='p_embed p_image_embed'><img loading=\"lazy\" decoding=\"async\" alt=\"Bannerzpk_eventlok_160x100px_v\" height=\"100\" src=\"http:\/\/www.lichttechnik.info\/news\/wp-content\/uploads\/2013\/04\/bannerzpk_eventlok_160x100px_v.gif\" width=\"160\" \/><\/div>\n<p><\/a><\/p>\n<p align=\"right\">\n<\/p>\n<hr \/>\n<p><\/td>\n<\/tr>\n<tr>\n<td align=\"left\" width=\"683\" colspan=\"2\">\n<p>&nbsp;<strong>StageOne Event &amp; Convention Hall Zurich<br \/> <\/strong><\/p>\n<hr \/>\n<\/td>\n<\/tr>\n<tr>\n<td align=\"left\" width=\"683\" colspan=\"2\">\n<p>&nbsp;<strong>StageOne Event &amp; Convention Hall Zurich befindet sich in einer restaurierten Fabrikhalle im fr\u00fcheren ABB-Areal in Z\u00fcrich-Oerlikon, an zentraler Lage nur 3 Geh-Minuten vom Bahnhof Oerlikon entfernt.<\/strong><\/p>\n<p align=\"justify\" style=\"text-align:justify;\">In StageOne ist modernste Eventtechnik mit der offenen Atmosph\u00e4re einer Industriehalle vereint. Grundsubstanz und Architektur der ehemaligen ABB-Fabrikationsst\u00e4tte wurden beibehalten.<\/p>\n<p align=\"justify\" style=\"text-align:justify;\">Die sichtbare Stahlkonstruktion und die riesige Krananlage geben StageOne ihren einmaligen Charakter und bilden einen unverwechselbaren Rahmen f\u00fcr Konferenzen, Kongresse, Generalversammlungen und Anl\u00e4sse f\u00fcr Mitarbeiter, Kunden oder Medien.<\/p>\n<p align=\"left\" style=\"text-align:justify;\">StageOne hat mit der Main Hall (Hauptebene im Erdgeschoss und der Galerie) eine Gesamtfl\u00e4che von rund 1500 m2, die flexibel genutzt werden kann. Die Side Hall bietet weitere 1000 m2 Eventfl\u00e4che. Maximal bietet die Location Raum f\u00fcr rund 2000 Personen.<\/p>\n<p align=\"center\">\n<div class='p_embed p_image_embed'><img loading=\"lazy\" decoding=\"async\" alt=\"Seitliche-konzertbestuhlung---\" height=\"192\" src=\"http:\/\/www.lichttechnik.info\/news\/wp-content\/uploads\/2013\/04\/seitliche-konzertbestuhlung.jpg\" width=\"383\" \/><\/div>\n<\/p>\n<p>&nbsp;<\/p>\n<p>Eventframe AG<br \/>Elias Canetti-Strasse 7<br \/>Postfach 6058<br \/>CH-8050 Z\u00fcrich<br \/>T +41 (0) 43 355 70 70<br \/>F +41 (0) 43 355 70 71<br \/>www.stage-one.ch<br \/><a href=\"mailto:info@eventframe.ch\">info@eventframe.ch<\/a><\/p>\n<p>&nbsp;<\/p>\n<\/p>\n<hr \/>\n<\/td>\n<\/tr>\n<tr>\n<td align=\"left\" width=\"683\" colspan=\"2\"><strong><span style=\"color:white;font-size:13.5pt;\">Neuste Premiumeintr\u00e4ge \/ Verl\u00e4ngerte Jahresabo&#8217;s<br \/><a href=\"http:\/\/www.eventlokale.ch\/Lokal-Suche.aspx?utm_source=Newsletter_August_2011&amp;utm_medium=Newsletter_August_2011&amp;utm_term=Newsletter_August_2011&amp;utm_content=Newsletter_August_2011&amp;utm_campaign=Newsletter_August_2011\" target=\"_blank\"><\/a><a href=\"http:\/\/www.eventlokale.ch\/?utm_source=Newsletter_August_2011&amp;utm_medium=Newsletter_August_2011&amp;utm_term=Newsletter_August_2011&amp;utm_content=Newsletter_August_2011&amp;utm_campaign=Newsletter_August_2011\"><\/a><br \/><a href=\"http:\/\/www.eventlokale.ch\/Event_Suche.aspx?utm_source=Newsletter_August_2011&amp;utm_medium=Newsletter_August_2011&amp;utm_term=Newsletter_August_2011&amp;utm_content=Newsletter_August_2011&amp;utm_campaign=Newsletter_August_2011\"><\/a><a href=\"http:\/\/www.eventlokale.ch\/Event_Suche.aspx?utm_source=Newsletter_August_2011&amp;utm_medium=Newsletter_August_2011&amp;utm_term=Newsletter_August_2011&amp;utm_content=Newsletter_August_2011&amp;utm_campaign=Newsletter_August_2011\" target=\"_blank\"><\/a><\/span><\/strong><\/td>\n<\/tr>\n<\/table>\n<\/div>\n<div align=\"center\">\n<table border=\"0\" width=\"685\">\n<tr>\n<td align=\"left\" width=\"685\">&nbsp;<\/td>\n<\/tr>\n<tr>\n<td align=\"left\" width=\"685\"><strong> <\/strong><\/p>\n<hr \/>\n<p align=\"center\"><strong>Impressum<\/p>\n<p \/><\/strong><span style=\"color:black;font-size:10pt;\">Verantwortlich: <br \/><\/span><span style=\"font-size:10pt;\">eventlokale.ch<br \/>Kleinzelglistrasse 8<br \/>8952 Schlieren<br \/><\/span>&nbsp;<br \/><span style=\"font-size:12pt;\">Abmeldem\u00f6glichkeit<\/span><\/p>\n<p align=\"center\"><span style=\"color:black;font-size:10pt;\">Damit Sie auch in Zukunft \u00fcber die Neuerungen auf <\/span><span style=\"font-size:10pt;\">eventlokale.ch informiert werden, bitten wir Sie unsere Absenderadresse in Ihrem pers\u00f6nlichen Adressbuch aufzunehmen. <\/span><\/p>\n<p align=\"center\"><span style=\"color:black;font-size:10pt;\">Sie erhalten diese Nachricht weil Sie Kunde von eventlokale.ch sind, bereits in Kontakt mit uns standen,&nbsp;oder sich auf unserer Webseite registriert haben etc. <\/span><span style=\"color:black;font-size:10pt;\">Falls Sie keine Informationen \u00fcber <\/span><span style=\"font-size:10pt;\">eventlokale.ch w\u00fcnschen, streichen wir gerne Ihre Email-Adresse aus den Kontaktdaten. Dazu bitten wir um kurzes Mail an <span style=\"color:navy;\"><a href=\"mailto:kundendienst@eventlokale.ch\">kundendienst@eventlokale.ch<\/a><\/p>\n<p \/><\/span><\/span><span style=\"color:black;font-size:12pt;\">Diese Information erhalten: 18227 Empf\u00e4nger<\/span><\/p>\n<\/td>\n<\/tr>\n<\/table>\n<\/div>\n<\/td>\n<\/tr>\n<tr>\n<td align=\"left\" width=\"685\"><strong><br \/>Wir sind Mitglied bei<\/strong> <\/td>\n<\/tr>\n<tr>\n<td align=\"left\" width=\"685\">\n<div class='p_embed p_image_embed'><a href=\"http:\/\/getfile5.posterous.com\/getfile\/files.posterous.com\/lichttechnik\/nloaXiChHl1TIgkMKYNzN5YrmMf2WlsQD4SbIvnlBKBQBY8rMOT50w5u2CYe\/mitglied.jpg\"><img loading=\"lazy\" decoding=\"async\" alt=\"Mitglied\" height=\"58\" src=\"http:\/\/www.lichttechnik.info\/news\/wp-content\/uploads\/2013\/04\/mitglied-scaled-500.jpg\" width=\"500\" \/><\/a><\/div>\n<\/td>\n<\/tr>\n<\/table>\n<\/div>\n<p \/><\/td>\n<\/tr>\n<\/table>\n<\/div>\n<p><div class='p_embed p_image_embed'><a href=\"http:\/\/getfile2.posterous.com\/getfile\/files.posterous.com\/lichttechnik\/V1PG1yar3zwDPQPkzsKNpbgJNpvuT8AozUsqGaECGLeFQkT7rbFHHeHJ342i\/header.jpg\"><img loading=\"lazy\" decoding=\"async\" alt=\"Header\" height=\"109\" src=\"http:\/\/www.lichttechnik.info\/news\/wp-content\/uploads\/2013\/04\/header-scaled-500.jpg\" width=\"500\" \/><\/a><\/div>\n<\/p>\n<p><div class='p_embed p_image_embed'><img loading=\"lazy\" decoding=\"async\" alt=\"Facebook\" height=\"41\" src=\"http:\/\/www.lichttechnik.info\/news\/wp-content\/uploads\/2013\/04\/facebook.jpg\" width=\"41\" \/><img loading=\"lazy\" decoding=\"async\" alt=\"Blogicon\" height=\"32\" src=\"http:\/\/www.lichttechnik.info\/news\/wp-content\/uploads\/2013\/04\/blogicon.jpg\" width=\"32\" \/><img loading=\"lazy\" decoding=\"async\" alt=\"Youtube\" height=\"38\" src=\"http:\/\/www.lichttechnik.info\/news\/wp-content\/uploads\/2013\/04\/youtube.jpg\" width=\"38\" \/><img loading=\"lazy\" decoding=\"async\" alt=\"Twittericon\" height=\"41\" src=\"http:\/\/www.lichttechnik.info\/news\/wp-content\/uploads\/2013\/04\/twittericon.jpg\" width=\"41\" \/><img loading=\"lazy\" decoding=\"async\" alt=\"Xing-icon\" height=\"40\" src=\"http:\/\/www.lichttechnik.info\/news\/wp-content\/uploads\/2013\/04\/xing-icon.jpg\" width=\"40\" \/><\/div>\n<\/p>\n<\/p>\n<\/p>\n<\/p>\n<p><div class='p_embed p_image_embed'><a href=\"http:\/\/getfile2.posterous.com\/getfile\/files.posterous.com\/lichttechnik\/cqsaz06arHXRYBD0rPobBznZfdmQrQ5Qdd5gCHZBfAKaKMHKZOetDQNgobBQ\/Lokale_September.jpg.scaled.1000.jpg\"><img loading=\"lazy\" decoding=\"async\" alt=\"Lokale_september\" height=\"809\" src=\"http:\/\/www.lichttechnik.info\/news\/wp-content\/uploads\/2013\/04\/lokale_september-scaled-500.jpg\" width=\"500\" \/><\/a><a href=\"http:\/\/getfile6.posterous.com\/getfile\/files.posterous.com\/lichttechnik\/O8XCRvpRn9pXIJ11iQRH98CKO6gusYvNNZ9yQuqVXwkSRNen17WaYZ3oRPj9\/Dienstleister_September.jpg\"><img loading=\"lazy\" decoding=\"async\" alt=\"Dienstleister_september\" height=\"515\" src=\"http:\/\/getfile7.posterous.com\/getfile\/files.posterous.com\/lichttechnik\/1nxRW0lW4RVDs5fxI6ATv1budC0PihQhe1hqLqTNI2V1ND8aK3etLnhf8X5S\/Dienstl\neister_September.jpg.scaled.500.jpg\" width=\"500\" \/><\/a><\/div><\/p>\n","protected":false},"excerpt":{"rendered":"<p>eventlokale.ch \/ September 2011<\/p>\n","protected":false},"author":1,"featured_media":0,"comment_status":"open","ping_status":"open","sticky":false,"template":"","format":"standard","meta":{"footnotes":""},"categories":[1],"tags":[],"class_list":["post-72847894","post","type-post","status-publish","format-standard","hentry","category-uncategorized"],"_links":{"self":[{"href":"https:\/\/www.lichttechnik.info\/news\/wp-json\/wp\/v2\/posts\/72847894","targetHints":{"allow":["GET"]}}],"collection":[{"href":"https:\/\/www.lichttechnik.info\/news\/wp-json\/wp\/v2\/posts"}],"about":[{"href":"https:\/\/www.lichttechnik.info\/news\/wp-json\/wp\/v2\/types\/post"}],"author":[{"embeddable":true,"href":"https:\/\/www.lichttechnik.info\/news\/wp-json\/wp\/v2\/users\/1"}],"replies":[{"embeddable":true,"href":"https:\/\/www.lichttechnik.info\/news\/wp-json\/wp\/v2\/comments?post=72847894"}],"version-history":[{"count":0,"href":"https:\/\/www.lichttechnik.info\/news\/wp-json\/wp\/v2\/posts\/72847894\/revisions"}],"wp:attachment":[{"href":"https:\/\/www.lichttechnik.info\/news\/wp-json\/wp\/v2\/media?parent=72847894"}],"wp:term":[{"taxonomy":"category","embeddable":true,"href":"https:\/\/www.lichttechnik.info\/news\/wp-json\/wp\/v2\/categories?post=72847894"},{"taxonomy":"post_tag","embeddable":true,"href":"https:\/\/www.lichttechnik.info\/news\/wp-json\/wp\/v2\/tags?post=72847894"}],"curies":[{"name":"wp","href":"https:\/\/api.w.org\/{rel}","templated":true}]}}