{"id":70208574,"date":"2011-09-14T12:50:29","date_gmt":"2011-09-14T12:50:29","guid":{"rendered":"http:\/\/lichttechnik.posterous.com\/angebot-kurzmetragen-b-ware"},"modified":"2011-09-14T12:50:29","modified_gmt":"2011-09-14T12:50:29","slug":"angebot-kurzmetragen-b-ware-2","status":"publish","type":"post","link":"https:\/\/www.lichttechnik.info\/news\/2011\/09\/angebot-kurzmetragen-b-ware-2\/","title":{"rendered":"Angebot Kurzmetragen + B-Ware"},"content":{"rendered":"<div class='p_embed p_file_embed'><a href=\"http:\/\/getfile0.posterous.com\/getfile\/files.posterous.com\/lichttechnik\/ZzyAqnK5BR49QVaMHhqooA1G47MrxhxrahpdLRz2OFdCuSOo5JVYnyi85UiC\/3.1_kurzmetragen_b-ware_stand_.pdf\"><\/p>\n<div class='p_icon'><\/div>\n<div class='p_text'>3.1_ kurzmetragen + b-ware_stand 12.09.2011.pdf<\/div>\n<p><\/a><\/div>\n<p>       Mit diesem Schreiben erlauben wir uns, Ihnen&nbsp;unsere aktuelle &Uuml;bersicht unserer B-Ware\/Kurzmetragen B&uuml;hnen und Dekomolton und diverser Nessel zu &uuml;bermitteln. <\/p>\n<div>Es w&uuml;rde uns freuen, wenn Sie uns bei Bedarf kontaktieren.<\/div>\n<div>Ware ist verf&uuml;gbar, solange Vorrat reicht.<\/div>\n<p \/>\n<div>Gerne h&ouml;ren wir wieder von Ihnen<\/div>\n","protected":false},"excerpt":{"rendered":"<p>Mit diesem Schreiben erlauben wir uns, Ihnen unsere aktuelle \u00dcbersicht unserer B-Ware\/Kurzmetragen B\u00fchnen und Dekomolton und diverser Nessel zu \u00fcbermitteln. Es w\u00fcrde uns freuen, wenn Sie uns bei Bedarf kontaktieren. Ware ist verf\u00fcgbar, solange Vor&#8230;<\/p>\n","protected":false},"author":1,"featured_media":0,"comment_status":"open","ping_status":"open","sticky":false,"template":"","format":"standard","meta":{"footnotes":""},"categories":[1],"tags":[],"class_list":["post-70208574","post","type-post","status-publish","format-standard","hentry","category-uncategorized"],"_links":{"self":[{"href":"https:\/\/www.lichttechnik.info\/news\/wp-json\/wp\/v2\/posts\/70208574","targetHints":{"allow":["GET"]}}],"collection":[{"href":"https:\/\/www.lichttechnik.info\/news\/wp-json\/wp\/v2\/posts"}],"about":[{"href":"https:\/\/www.lichttechnik.info\/news\/wp-json\/wp\/v2\/types\/post"}],"author":[{"embeddable":true,"href":"https:\/\/www.lichttechnik.info\/news\/wp-json\/wp\/v2\/users\/1"}],"replies":[{"embeddable":true,"href":"https:\/\/www.lichttechnik.info\/news\/wp-json\/wp\/v2\/comments?post=70208574"}],"version-history":[{"count":0,"href":"https:\/\/www.lichttechnik.info\/news\/wp-json\/wp\/v2\/posts\/70208574\/revisions"}],"wp:attachment":[{"href":"https:\/\/www.lichttechnik.info\/news\/wp-json\/wp\/v2\/media?parent=70208574"}],"wp:term":[{"taxonomy":"category","embeddable":true,"href":"https:\/\/www.lichttechnik.info\/news\/wp-json\/wp\/v2\/categories?post=70208574"},{"taxonomy":"post_tag","embeddable":true,"href":"https:\/\/www.lichttechnik.info\/news\/wp-json\/wp\/v2\/tags?post=70208574"}],"curies":[{"name":"wp","href":"https:\/\/api.w.org\/{rel}","templated":true}]}}