{"id":70208244,"date":"2011-09-14T12:47:59","date_gmt":"2011-09-14T12:47:59","guid":{"rendered":"http:\/\/lichttechnik.posterous.com\/neues-nationales-musik-zentrum-in-winterthur"},"modified":"2011-09-14T12:47:59","modified_gmt":"2011-09-14T12:47:59","slug":"neues-nationales-musik-zentrum-in-winterthur","status":"publish","type":"post","link":"https:\/\/www.lichttechnik.info\/news\/2011\/09\/neues-nationales-musik-zentrum-in-winterthur\/","title":{"rendered":"Neues nationales Musik-Zentrum in Winterthur \/ Gr\u00f6sster Schweizer Musik-Flohmarkt"},"content":{"rendered":"<br \/>\n<table class=\"bg1\" border=\"0\" width=\"100%\">\n<tr>\n<td align=\"center\">\n<table class=\"bg2\" border=\"0\" width=\"600\">\n<tr>\n<td class=\"permission\" align=\"left\"> <\/td>\n<\/tr>\n<tr>\n<td class=\"header\" align=\"left\"> <img loading=\"lazy\" decoding=\"async\" src=\"http:\/\/www.musik-flohmarkt.ch\/newsletter\/header2000.jpg\" height=\"131\" alt=\"Header\" width=\"600\" \/> <\/td>\n<\/tr>\n<tr>\n<td class=\"body\" valign=\"top\">\n<table border=\"0\" width=\"100%\">\n<tr>\n<td class=\"mainbar\" height=\"1289\" align=\"left\" valign=\"top\" width=\"370\"> <\/p>\n<h2><a href=\"#\"><strong>Good News f&uuml;r Musikfans<\/strong><\/a><br \/> Claudia &#8211; House of Sounds in Winterthur <\/h2>\n<p> <img loading=\"lazy\" decoding=\"async\" class=\"hr\" src=\"http:\/\/www.musik-flohmarkt.ch\/newsletter\/hr.gif\" height=\"3\" alt=\"Header\" width=\"360\" \/>  <\/p>\n<p><img loading=\"lazy\" decoding=\"async\" src=\"http:\/\/www.musik-flohmarkt.ch\/newsletter\/claudia.jpg\" height=\"222\" width=\"369\" \/><\/p>\n<p>Im Sommer 2012 &ouml;ffnet in Winterthur ein in der Schweiz einzigartiges Zentrum f&uuml;r Musik, Media und Ausbildung die T&uuml;ren.&nbsp; F&uuml;r Musik-Liebhaber und Musiker entsteht an bester Lage, direkt an der Autobahn A1, auf &uuml;ber 10&#8217;000 m2 und acht Stockwerken ein nationales Kompetenzcenter. <\/p>\n<p \/>  Die Nutzung des Hauses sieht wie folgt aus:<\/p>\n<p \/>  &#8211; 60 Musikprober&auml;ume<br \/> &#8211; Musikfachgesch&auml;ft (Instrumente, Equipment)<br \/> &#8211; Instrumentenbauer<br \/> &#8211; Veranstaltungstechnik<br \/> &#8211; Tonstudio, Videostudio<br \/> &#8211; Unterhaltungselektronik, IT<br \/> &#8211; Ausbildungsinstitut, Musikakademie, Musikschule<br \/> &#8211; Medienunternehmen<br \/> &#8211; Tontr&auml;ger<br \/> &#8211; Musikverlage, Management, Agenturen, Promo, <br \/> &#8211; Tanzschule<br \/> &#8211; Ateliers f&uuml;r Foto, Grafik, Design, Mode,<br \/> &#8211; Live Music Clubs<br \/> &#8211; Radio-Station, TV-Station<br \/> &#8211; Gastronomie, Restaurant, Bar<\/p>\n<p><a href=\"http:\/\/www.claudia-sounds.ch\" target=\"_blank\">www.claudia-sounds.ch<\/a><\/p>\n<p>Informationen f&uuml;r Interessenten und Mieter unter 079 4 470 470<\/p>\n<p>&nbsp; <\/p>\n<h2><a href=\"#\">Jubil&auml;um: 20. Musik-Flohmarkt in Roggwil<\/a><\/h2>\n<p> <img loading=\"lazy\" decoding=\"async\" class=\"hr\" src=\"http:\/\/www.musik-flohmarkt.ch\/newsletter\/hr.gif\" height=\"3\" alt=\"Header\" width=\"360\" \/> <\/p>\n<p>Der gr&ouml;sste Schweizer Musik-Flohmarkt feiert am Sonntag, 6. November 2011 seine 20. Ausgabe. Der beliebte Anlass findet wie gewohnt in der Eventhalle auf dem Gugelmann-Areal in Roggwil statt. Zu finden gibt es ein nahezu unersch&ouml;pfliches Sortiment bestehend aus Occasionen, Schn&auml;ppchen, Liquidationswaren und Rarit&auml;ten<\/p>\n<p><strong>Alles rund um die Musik<\/strong><br \/> Am traditionellen Musik Flohmarkt kann alles gekauft und verkauft werden: Schallplatten, CD, DVD, Akustische und elektronische Musikinstrumente, Musik- und Studio-Equipment, Licht, PA- Equipment, Disco-Anlagen, DJ-Ger&auml;te, Musicboxen, Audio\/HiFi-Anlagen, Discman, Dat-Recorder, Boxen, Noten und Zubeh&ouml;r &#8211; Hauptsache es hat etwas mit Sound zu tun und bereitet viel Spass.<br \/> Interessierte finden hier bequem unter einem Dach und zu g&uuml;nstigsten Preisen einfach alles was sie sich w&uuml;nschen. <\/p>\n<p> <strong>Infos\/Anreise: <\/strong><br \/> 20. Int. Musik-Flohmarkt, 6. November 2011, 9-17 Uhr<br \/> Paddock Eventhalle Gugelmann-Areal, 4914 Roggwil BE<\/p>\n<p \/>  Auto: Zwischen Wynau und Roggwil Beschilderungen Musik-Flohmarkt folgen. Im Kreisel (Froschkreisel) rechts abbiegen, Richtung Race-Inn.<\/p>\n<p \/>  Zug: ab Olten und Langenthal verkehren Regionalz&uuml;ge zum SBB Bahnhof Roggwil-Wynau, welcher sich auf dem Gugelmann-Areal befindet. <\/p>\n<p> <\/p>\n<h2><a href=\"#\">Kommen Sie als Verk&auml;ufer<\/a><\/h2>\n<p> <img loading=\"lazy\" decoding=\"async\" class=\"hr\" src=\"http:\/\/www.musik-flohmarkt.ch\/newsletter\/hr.gif\" height=\"3\" alt=\"Header\" width=\"360\" \/> <\/p>\n<p>Sie m&ouml;chten etwas verkaufen? Alle Informationen f&uuml;r Verk&auml;ufer finden Sie auf <a href=\"http:\/\/www.musik-flohmarkt.ch\/wp\/ausstellerinfos\" target=\"_blank\">unserer Homepage beim Punkt Ausstellerinfos<\/a>.<\/p>\n<h2>&nbsp;<\/h2>\n<h2><a href=\"#\">Weit<\/a><a href=\"#\">ere Infos<\/a><\/h2>\n<p> <img loading=\"lazy\" decoding=\"async\" class=\"hr\" src=\"http:\/\/www.musik-flohmarkt.ch\/newsletter\/hr.gif\" height=\"3\" alt=\"Header\" width=\"360\" \/> <\/p>\n<p>Weitere Infos auf unserer Homepage: <a href=\"http:\/\/www.musik-flohmarkt.ch\" target=\"_blank\"> <a href=\"http:\/\/www.musik-flohmarkt.ch\">www.musik-flohmarkt.ch<\/a><\/a><\/p>\n<p>&nbsp;<\/p>\n<p><img loading=\"lazy\" decoding=\"async\" src=\"http:\/\/www.musik-flohmarkt.ch\/newsletter\/bilder.jpg\" height=\"228\" width=\"370\" \/><\/p>\n<p>Impressionen unter: <a href=\"http:\/\/www.musik-flohmarkt.ch\/wp\/impressionen\" target=\"_blank\"> <a href=\"http:\/\/www.musik-flohmarkt.ch\">www.musik-flohmarkt.ch<\/a><\/a><\/p>\n<\/td>\n<td width=\"20\">\n<p>&nbsp;<\/p>\n<\/td>\n<td class=\"sidebar\" align=\"left\" valign=\"top\" width=\"170\">\n<h3>&nbsp;<\/h3>\n<h3>Weiterleiten<\/h3>\n<p>Sie kennen jemanden, der an unserem Newsletter Interesse h&auml;tte? <strong>Leiten Sie dieses E-Mail<\/strong> einfach an Ihre Freunde <strong>weiter<\/strong>. Besten Dank.<\/p>\n<p \/>\n<p> <\/p>\n<p align=\"left\">&nbsp;<\/p>\n<p align=\"left\">&nbsp;<\/p>\n<p align=\"left\">&nbsp;<\/p>\n<div>\n<h2>Folgen Sie uns!<\/h2>\n<p> <span class=\"mainbar\"><img loading=\"lazy\" decoding=\"async\" class=\"hr\" src=\"http:\/\/www.musik-flohmarkt.ch\/newsletter\/hr.gif\" height=\"3\" alt=\"Header\" width=\"170\" \/><\/span><\/p>\n<p \/>  <\/div>\n<\/td>\n<\/tr>\n<\/table>\n<\/td>\n<\/tr>\n<tr>\n<td class=\"footer\" height=\"30\" align=\"left\" valign=\"middle\">\n<p align=\"left\"> Gr&ouml;sster Schweizer Musik-Flohmarkt <\/p>\n<p align=\"left\"> <\/p>\n<p align=\"center\">&nbsp;<\/p>\n<\/td>\n<\/tr>\n<\/table>\n<\/td>\n<\/tr>\n<\/table>\n","protected":false},"excerpt":{"rendered":"<p>Good News f\u00fcr Musikfans Claudia &#8211; House of Sounds in Winterthur Im Sommer 2012 \u00f6ffnet in Winterthur ein in der Schweiz einzigartiges Zentrum f\u00fcr Musik, Media und Ausbildung die T\u00fcren. F\u00fcr Musik-Liebhaber und Musiker entsteht an bester Lage, direkt&#8230;<\/p>\n","protected":false},"author":1,"featured_media":0,"comment_status":"open","ping_status":"open","sticky":false,"template":"","format":"standard","meta":{"footnotes":""},"categories":[1],"tags":[],"class_list":["post-70208244","post","type-post","status-publish","format-standard","hentry","category-uncategorized"],"_links":{"self":[{"href":"https:\/\/www.lichttechnik.info\/news\/wp-json\/wp\/v2\/posts\/70208244","targetHints":{"allow":["GET"]}}],"collection":[{"href":"https:\/\/www.lichttechnik.info\/news\/wp-json\/wp\/v2\/posts"}],"about":[{"href":"https:\/\/www.lichttechnik.info\/news\/wp-json\/wp\/v2\/types\/post"}],"author":[{"embeddable":true,"href":"https:\/\/www.lichttechnik.info\/news\/wp-json\/wp\/v2\/users\/1"}],"replies":[{"embeddable":true,"href":"https:\/\/www.lichttechnik.info\/news\/wp-json\/wp\/v2\/comments?post=70208244"}],"version-history":[{"count":0,"href":"https:\/\/www.lichttechnik.info\/news\/wp-json\/wp\/v2\/posts\/70208244\/revisions"}],"wp:attachment":[{"href":"https:\/\/www.lichttechnik.info\/news\/wp-json\/wp\/v2\/media?parent=70208244"}],"wp:term":[{"taxonomy":"category","embeddable":true,"href":"https:\/\/www.lichttechnik.info\/news\/wp-json\/wp\/v2\/categories?post=70208244"},{"taxonomy":"post_tag","embeddable":true,"href":"https:\/\/www.lichttechnik.info\/news\/wp-json\/wp\/v2\/tags?post=70208244"}],"curies":[{"name":"wp","href":"https:\/\/api.w.org\/{rel}","templated":true}]}}