{"id":70207055,"date":"2011-09-14T12:39:42","date_gmt":"2011-09-14T12:39:42","guid":{"rendered":"http:\/\/lichttechnik.posterous.com\/personelle-veranderungen-im-showtech-team"},"modified":"2011-09-14T12:39:42","modified_gmt":"2011-09-14T12:39:42","slug":"personelle-veranderungen-im-showtech-team-2","status":"publish","type":"post","link":"https:\/\/www.lichttechnik.info\/news\/2011\/09\/personelle-veranderungen-im-showtech-team-2\/","title":{"rendered":"Personelle Ver\u00e4nderungen im SHOWTECH Team"},"content":{"rendered":"<br \/>\n<table align=\"center\" width=\"635\" style=\"border:1px solid #000000;\">\n<tr>\n<td><a href=\"http:\/\/www.showtech.de\" target=\"_blank\"><img decoding=\"async\" src=\"http:\/\/showtech.rxemail.de\/design_vorlagen_showtech\/daten\/2013\/header_d.jpg\" border=\"0\" \/><\/a><\/td>\n<\/tr>\n<tr>\n<td valign=\"top\">\n<h1 style=\"color:#ffffff;background-color:#000000;font-style:normal;font-size:11pt;font-weight:bold;font-family:Arial, Helvetica;letter-spacing:0;padding:5px 20px 5px 55px;\">Personelle Ver&auml;nderungen im SHOWTECH Team<\/h1>\n<\/td>\n<\/tr>\n<tr>\n<td align=\"left\" valign=\"top\">&nbsp;<\/td>\n<\/tr>\n<tr>\n<td valign=\"top\" style=\"padding:0 20px 0 55px;font-size:12px;\">\n<p> Sehr geehrte Damen und Herren,<\/p>\n<p \/>  heute m&ouml;chten wir Sie &uuml;ber die bevorstehende <strong>Ver&auml;nderung im Team der SHOWTECH<\/strong> informieren: <\/p>\n<p \/>  Wir, <strong>Julia Herwartz und Anna Ro&szlig;kamp<\/strong>, werden die SHOWTECH zum 31. August verlassen. Wir werden uns beide neuen Herausforderungen stellen: Julia Herwartz beruflicher Natur und Anna Ro&szlig;kamp zun&auml;chst dem &#132;Work&amp;Travel&#147;-Leben in Australien.<\/p>\n<p \/>  Unsere Nachfolgerinnen und Ihre <strong>zuk&uuml;nftigen Ansprechpartnerinnen<\/strong> werden <strong>Frau Anne Maja Reiniger-Egler, Frau Frauke Gr&ouml;blinghoff <\/strong>und <strong>Frau Nicole Weimer<\/strong> sein. Frau Reiniger-Egler ist seit mehreren Jahren in unserem Hause t&auml;tig und hat verschiedene Messeprojekte erfolgreich geleitet. Alle drei freuen sich auf eine angenehme und erfolgreiche Zusammenarbeit mit Ihnen. <\/p>\n<p> Bitte notieren Sie sich Ihre Kontaktdaten:<img loading=\"lazy\" decoding=\"async\" src=\"http:\/\/showtech.rxemail.de\/medien_showtech\/juh-aro-kuchen.jpg\" height=\"210\" align=\"right\" alt=\"Abschied SHOWTECH\" width=\"180\" \/><\/p>\n<p \/>  Frau Anne Maja Reiniger-Egler<br \/> Project Manager<\/p>\n<p \/> Frau Frauke Gr&ouml;blinghoff<br \/> Sales Executive<\/p>\n<p \/> <\/p>\n<p> Frau Nicole Weimer (ab dem 01. Oktober 2011)<br \/> Project Assistant<\/p>\n<p \/>  <a href=\"mailto:nicole.weimer@reedexpo.de\" target=\"_blank\"><\/a> <\/p>\n<p> Nat&uuml;rlich steht Ihnen auch Herr Markus Jessberger, Event Director der SHOWTECH, weiterhin gerne als Ansprechpartner zur Verf&uuml;gung. <\/p>\n<p> <strong>Wir danken Ihnen herzlich f&uuml;r die tolle Zusammenarbeit in den letzten drei Jahren und w&uuml;nschen Ihnen &#150; beruflich und privat &#150; viel Erfolg und alles Gute!<\/strong><\/p>\n<p \/>  Mit freundlichen Gr&uuml;&szlig;en, <\/p>\n<p> <img loading=\"lazy\" decoding=\"async\" src=\"http:\/\/showtech.rxemail.de\/medien_showtech\/unterschrift_juh_kl.jpg\" height=\"34\" alt=\"\" width=\"105\" \/>&nbsp;&nbsp;&nbsp;&nbsp; &nbsp; &nbsp; &nbsp;&nbsp; <img loading=\"lazy\" decoding=\"async\" src=\"http:\/\/showtech.rxemail.de\/medien_showtech\/unterschrift_anr_kl.jpg\" height=\"38\" alt=\"\" width=\"103\" \/><br \/> Julia Herwartz&nbsp;&nbsp; &nbsp;&nbsp;&nbsp; &nbsp;&nbsp;&nbsp; &nbsp;&nbsp; &nbsp; &nbsp; &nbsp; &nbsp; Anna Ro&szlig;kamp<br \/> Project Manager&nbsp;&nbsp; &nbsp;&nbsp;&nbsp; &nbsp;&nbsp;&nbsp; &nbsp; &nbsp; &nbsp;&nbsp; Sales Manager <\/p>\n<\/td>\n<\/tr>\n<tr>\n<td>&nbsp;<\/td>\n<\/tr>\n<tr>\n<td>\n<hr size=\"1\" \/><\/td>\n<\/tr>\n<tr>\n<td valign=\"top\" width=\"647\" style=\"font-size:10px;padding:5px 20px 0 55px;background-color:#000000;color:#fff;\"> <\/td>\n<\/tr>\n<tr>\n<td>&nbsp;<\/td>\n<\/tr>\n<tr>\n<td valign=\"top\" width=\"647\" style=\"font-size:10px;padding:5px 20px 0 55px;background-color:#ffffff;\"> <\/td>\n<\/tr>\n<\/table>\n","protected":false},"excerpt":{"rendered":"<p>Personelle Ver\u00e4nderungen im SHOWTECH Team Sehr geehrte Damen und Herren, heute m\u00f6chten wir Sie \u00fcber die bevorstehende Ver\u00e4nderung im Team der SHOWTECH informieren: Wir, Julia Herwartz und Anna Ro\u00dfkamp, werden die SHOWTECH zum 31. August verla&#8230;<\/p>\n","protected":false},"author":1,"featured_media":0,"comment_status":"open","ping_status":"open","sticky":false,"template":"","format":"standard","meta":{"footnotes":""},"categories":[1],"tags":[],"class_list":["post-70207055","post","type-post","status-publish","format-standard","hentry","category-uncategorized"],"_links":{"self":[{"href":"https:\/\/www.lichttechnik.info\/news\/wp-json\/wp\/v2\/posts\/70207055","targetHints":{"allow":["GET"]}}],"collection":[{"href":"https:\/\/www.lichttechnik.info\/news\/wp-json\/wp\/v2\/posts"}],"about":[{"href":"https:\/\/www.lichttechnik.info\/news\/wp-json\/wp\/v2\/types\/post"}],"author":[{"embeddable":true,"href":"https:\/\/www.lichttechnik.info\/news\/wp-json\/wp\/v2\/users\/1"}],"replies":[{"embeddable":true,"href":"https:\/\/www.lichttechnik.info\/news\/wp-json\/wp\/v2\/comments?post=70207055"}],"version-history":[{"count":0,"href":"https:\/\/www.lichttechnik.info\/news\/wp-json\/wp\/v2\/posts\/70207055\/revisions"}],"wp:attachment":[{"href":"https:\/\/www.lichttechnik.info\/news\/wp-json\/wp\/v2\/media?parent=70207055"}],"wp:term":[{"taxonomy":"category","embeddable":true,"href":"https:\/\/www.lichttechnik.info\/news\/wp-json\/wp\/v2\/categories?post=70207055"},{"taxonomy":"post_tag","embeddable":true,"href":"https:\/\/www.lichttechnik.info\/news\/wp-json\/wp\/v2\/tags?post=70207055"}],"curies":[{"name":"wp","href":"https:\/\/api.w.org\/{rel}","templated":true}]}}