{"id":61377308,"date":"2011-07-17T19:45:41","date_gmt":"2011-07-17T19:45:41","guid":{"rendered":"http:\/\/lichttechnik.posterous.com\/benq-preisliste-juni-2011"},"modified":"2011-07-17T19:45:41","modified_gmt":"2011-07-17T19:45:41","slug":"benq-preisliste-juni-2011-2","status":"publish","type":"post","link":"https:\/\/www.lichttechnik.info\/news\/2011\/07\/benq-preisliste-juni-2011-2\/","title":{"rendered":"BenQ Preisliste Juni 2011"},"content":{"rendered":"<p>  <\/p>\n<table border=\"0\" style=\"border-right:#cccccc 1px solid;border-top:#cccccc 1px solid;border-left:#cccccc 1px solid;border-bottom:#cccccc 1px solid;height:1160px;\">\n<tr>\n<td>\n<table border=\"0\" width=\"604\">\n<tr>\n<td width=\"604\"><img loading=\"lazy\" decoding=\"async\" src=\"http:\/\/www.benq-eu.com\/modules\/image_bin.cfm?id=432509&amp;ttid=1547631&amp;url=archive\/DisLogo\/DC\/Head_700604x125.JPG\" border=\"0\" height=\"125\" align=\"middle\" alt=\"\" width=\"628\" style=\"height:125px;\" \/><\/td>\n<\/tr>\n<tr>\n<td class=\"bodytext\" style=\"padding:10px;\">\n<div style=\"font-size:13pt;color:#000000;\">\n<p align=\"center\"><span style=\"font-size:14pt;color:#000000;\"><strong><span style=\"font-size:12pt;color:black;font-family:Arial, sans-serif;\">BenQ&nbsp;Newsletter Juni 2011<br \/> <\/span><\/strong><\/span><\/p>\n<\/div>\n<p align=\"left\"><span style=\"font-size:8.5pt;color:#333333;font-family:Arial, sans-serif;\"><\/span><\/p>\n<p align=\"left\"><span style=\"font-size:8.5pt;color:#333333;font-family:Arial, sans-serif;\">Einige Monitore und&nbsp;Projektoren erhalten Sie ab sofort zu&nbsp;noch <span style=\"font-size:8.5pt;color:#333333;font-family:Arial, sans-serif;\">g&uuml;nstigeren Konditionen<\/span>.&nbsp;<br \/> <\/span><span style=\"font-size:8.5pt;color:#333333;font-family:Arial, sans-serif;\"><br \/> Details zu allen Produkten und deren Preisen entnehmen Sie&nbsp;diesem Newsletter sowie den beigef&uuml;gten Preislisten.<\/p>\n<p \/>  <span style=\"font-size:8.5pt;color:#333333;font-family:Arial, sans-serif;\">Wir w&uuml;nschen Ihnen weiterhin erfolgreiche Gesch&auml;fte.<br \/> <\/span><span style=\"font-size:8.5pt;color:#333333;font-family:Arial, sans-serif;\"><span style=\"font-size:8.5pt;color:#333333;font-family:Arial, sans-serif;\"><br \/> Ihr BenQ Team aus der Schweiz<\/span><\/span><\/span><\/p>\n<p align=\"left\"><span style=\"font-size:8.5pt;color:#333333;font-family:Arial, sans-serif;\"><span class=\"bodytext\"><span class=\"bodytext\"><a href=\"http:\/\/zizilia.benq-eu.com\/attachments\/6231\/Preisliste_FaHa_Juni_11.pdf?nlid=6231&amp;identifier=karin.hidber@benq.com&amp;track=1&amp;type=ar&amp;action=click\" title=\"http:\/\/zizilia.benq-eu.com\/attachments\/6231\/Preisliste_FaHa_Juni_11.pdf?nlid=6231&amp;identifier=karin.hidber@benq.com&amp;track=1&amp;type=ar&amp;action=click\" class=\"\" target=\"_blank\"><span title=\"http:\/\/zizilia.benq-eu.com\/attachments\/6231\/Preisliste_FaHa_Juni_11.pdf?nlid=6231&amp;identifier=karin.hidber@benq.com&amp;track=1&amp;type=ar&amp;action=click\" style=\"font-size:12pt;color:#000000;font-family:Times New Roman;\"><\/span><\/a><\/p>\n<p \/>  <a href=\"http:\/\/zizilia.benq-eu.com\/attachments\/6231\/Preisliste_EU_Juni_11.pdf?nlid=6231&amp;identifier=karin.hidber@benq.com&amp;track=1&amp;type=ar&amp;action=click\" title=\"http:\/\/zizilia.benq-eu.com\/attachments\/6231\/Preisliste_EU_Juni_11.pdf?nlid=6231&amp;identifier=karin.hidber@benq.com&amp;track=1&amp;type=ar&amp;action=click\" class=\"\" target=\"_blank\"><span title=\"http:\/\/zizilia.benq-eu.com\/attachments\/6231\/Preisliste_EU_Juni_11.pdf?nlid=6231&amp;identifier=karin.hidber@benq.com&amp;track=1&amp;type=ar&amp;action=click\" style=\"font-size:12pt;color:#000000;font-family:Times New Roman;\"><img loading=\"lazy\" decoding=\"async\" title=\"http:\/\/zizilia.benq-eu.com\/attachments\/6231\/Preisliste_EU_Juni_11.pdf?nlid=6231&amp;identifier=karin.hidber@benq.com&amp;track=1&amp;type=ar&amp;action=click\" src=\"http:\/\/www.benq-eu.com\/modules\/image_bin.cfm?id=405370&amp;ttid=1526086&amp;url=newsletter\/2009\/BQCH\/preisliste_endkunden.jpg\" border=\"0\" height=\"65\" align=\"middle\" alt=\"\" width=\"113\" \/><\/span><\/a><\/span><\/span><\/span><\/p>\n<p><img loading=\"lazy\" decoding=\"async\" src=\"http:\/\/www.benq-eu.com\/modules\/image_bin.cfm?id=426966&amp;ttid=1543161&amp;url=archive\/DisLogo\/Preisanpassung.jpg\" border=\"0\" height=\"30\" align=\"left\" alt=\"\" width=\"578\" \/><\/p>\n<p align=\"left\">&nbsp;<\/p>\n<p align=\"left\"> <span style=\"font-size:9pt;\"><strong>Displays<\/strong><\/span><span class=\"bodytext\"><\/span><\/p>\n<p align=\"left\">\n<table border=\"0\" width=\"579\" style=\"height:206px;\">\n<tr>\n<td valign=\"top\" width=\"30%\" style=\"padding-top:10px;\"><span class=\"title\" style=\"font-size:13pt;color:#660099;\"><span class=\"title\" style=\"font-size:13pt;color:#660099;\"><span class=\"title\" style=\"font-size:13pt;color:#660099;\"><\/span><\/span><\/span><\/p>\n<div class=\"title\" style=\"font-size:13pt;color:#660099;\">\n<p align=\"center\"><span class=\"title\" style=\"font-size:13pt;color:#660099;\"><span class=\"title\" style=\"font-size:13pt;color:#660099;\"><span style=\"font-size:9pt;\"><span><strong><span style=\"color:#660099;\"><span style=\"font-size:13pt;\">GL940M<\/span><\/span><\/strong><\/span><\/span><\/span><\/span><\/p>\n<\/div>\n<p> <span class=\"title\" style=\"font-size:8pt;color:#660099;\"><span class=\"title1\"><span><br \/> <span class=\"title1\"><span>18,5&#8243; LED Office &amp; Multimedia-Display im 16:9-Format (HD ready) mit 5ms Reaktionszeit, 12Mio.:1 dyn. Kontrast, DVI-D &amp; D-Sub, 2x 1 Watt Lautsprecher, Schwarz gl&auml;nzend.<\/span><\/span><\/span><\/span><\/span> <\/p>\n<p align=\"center\"><span class=\"title\" style=\"font-size:13pt;color:#660099;\"><span class=\"title\" style=\"font-size:8pt;color:#660099;\"><span class=\"bodytext\"><span style=\"font-size:8pt;color:#660099;font-family:Arial, sans-serif;\"><span style=\"font-size:8pt;color:#660099;font-family:Arial, sans-serif;\"><span style=\"color:#5c5c5c;\"><a href=\"http:\/\/www.benq.ch\/products\/LCD\/index.cfm\/product\/1227\/nlid\/6231\/identifier\/karin.hidber@benq.com\/track\/1\/type\/ar\/action\/click\" title=\"http:\/\/www.benq.ch\/products\/LCD\/index.cfm\/product\/1227\/nlid\/6231\/identifier\/karin.hidber@benq.com\/track\/1\/type\/ar\/action\/click\" class=\"\" target=\"_blank\"><span title=\"http:\/\/www.benq.ch\/products\/LCD\/index.cfm\/product\/1227\/nlid\/6231\/identifier\/karin.hidber@benq.com\/track\/1\/type\/ar\/action\/click\" class=\"title\" style=\"font-size:13pt;color:#660099;\"><span title=\"http:\/\/www.benq.ch\/products\/LCD\/index.cfm\/product\/1227\/nlid\/6231\/identifier\/karin.hidber@benq.com\/track\/1\/type\/ar\/action\/click\" class=\"title\" style=\"font-size:8pt;color:#660099;\"><span title=\"http:\/\/www.benq.ch\/products\/LCD\/index.cfm\/product\/1227\/nlid\/6231\/identifier\/karin.hidber@benq.com\/track\/1\/type\/ar\/action\/click\" class=\"bodytext\"><span title=\"http:\/\/www.benq.ch\/products\/LCD\/index.cfm\/product\/1227\/nlid\/6231\/identifier\/karin.hidber@benq.com\/track\/1\/type\/ar\/action\/click\" style=\"font-size:8pt;color:#660099;font-family:Arial, sans-serif;\"><span title=\"http:\/\/www.benq.ch\/products\/LCD\/index.cfm\/product\/1227\/nlid\/6231\/identifier\/karin.hidber@benq.com\/track\/1\/type\/ar\/action\/click\" style=\"font-size:8pt;color:#660099;font-family:Arial, sans-serif;\"><span title=\"http:\/\/www.benq.ch\/products\/LCD\/index.cfm\/product\/1227\/nlid\/6231\/identifier\/karin.hidber@benq.com\/track\/1\/type\/ar\/action\/click\" style=\"color:#5c5c5c;\"><span title=\"http:\/\/www.benq.ch\/products\/LCD\/index.cfm\/product\/1227\/nlid\/6231\/identifier\/karin.hidber@benq.com\/track\/1\/type\/ar\/action\/click\" style=\"font-size:9pt;\"><img loading=\"lazy\" decoding=\"async\" title=\"http:\/\/www.benq.ch\/products\/LCD\/index.cfm\/product\/1227\/nlid\/6231\/identifier\/karin.hidber@benq.com\/track\/1\/type\/ar\/action\/click\" src=\"http:\/\/www.benq-eu.com\/modules\/image_bin.cfm?id=433637&amp;ttid=1548664&amp;url=product\/LCD\/GL941M\/GL941_img01thumb.jpg\" border=\"0\" height=\"112\" align=\"right\" alt=\"\" width=\"95\" \/>Mehr Infos<\/span><\/span><\/span><\/span><\/span><\/span><\/span><\/a><\/span><\/span><\/span><\/span><\/span><\/span><\/p>\n<div class=\"title\" style=\"font-size:13pt;color:#660099;\">\n<div class=\"title\" style=\"font-size:8pt;color:#660099;\">\n<div class=\"bodytext\">\n<div style=\"font-size:8pt;color:#660099;font-family:Arial, sans-serif;\">\n<p align=\"center\">\n<table border=\"0\" align=\"center\" width=\"92\" style=\"height:77px;\">\n<tr>\n<td width=\"50%\"> <\/td>\n<td width=\"50%\"> <\/td>\n<\/tr>\n<tr>\n<td> <\/td>\n<td> <\/td>\n<\/tr>\n<tr>\n<td colspan=\"2\">\n<div class=\"sub-hdr\" style=\"font-size:12pt;color:#000000;\">\n<div style=\"font-size:9pt;\"><img loading=\"lazy\" decoding=\"async\" src=\"http:\/\/www.benq-eu.com\/modules\/image_bin.cfm?id=347928&amp;ttid=1480687&amp;url=product\/archive\/linielila.gif\" border=\"0\" height=\"13\" align=\"left\" alt=\"\" width=\"138\" style=\"height:13px;\" \/><\/div>\n<\/div>\n<\/td>\n<\/tr>\n<tr>\n<td>\n<div class=\"sub-hdr\" style=\"font-size:9pt;color:#000000;\">\n<div style=\"font-size:9pt;\">UVP**<\/div>\n<\/div>\n<\/td>\n<td>\n<div align=\"right\">\n<div class=\"sub-hdr\" style=\"font-size:12pt;color:#000000;\">\n<div\nalign=\"right\"><span class=\"sub-hdr\" style=\"font-size:9pt;color:#000000;\"><span style=\"font-size:9pt;\">139.-&nbsp; <\/span><\/span><\/div>\n<\/div>\n<\/div>\n<\/td>\n<\/tr>\n<\/table>\n<\/div>\n<\/div><\/div>\n<\/div>\n<\/td>\n<\/tr>\n<\/table>\n<\/td>\n<td valign=\"top\" width=\"30%\" style=\"padding-left:20px;padding-top:10px;\">\n<p align=\"center\"><span class=\"title\" style=\"font-size:13pt;color:#660099;\"><span class=\"title\" style=\"font-size:13pt;color:#660099;\"><span><strong><span style=\"font-size:13pt;\"><span class=\"title\" style=\"font-size:13pt;color:#660099;\"><span class=\"title\" style=\"font-size:13pt;color:#660099;\"><span class=\"title\" style=\"font-size:13pt;color:#660099;\"><span><span style=\"color:#660099;\"><span style=\"font-size:13pt;\"><span class=\"title1\"><span style=\"font-size:13pt;\"><span class=\"title\" style=\"font-size:13pt;color:#660099;\"><span class=\"title\" style=\"font-size:13pt;color:#660099;\"><span><strong><span style=\"font-size:9pt;color:#660099;\"><span style=\"font-size:13pt;\">GL941M<\/span><\/span><\/strong><\/span><span class=\"title\" style=\"font-size:8pt;color:#660099;\"><span class=\"title1\"><span><\/p>\n<p \/>  <span class=\"title1\"><span>19&#8243; LED Office-Display mit WXGA+ Aufl&ouml;sung (16:10),&nbsp;5ms Reaktionszeit, 12Mio.:1 dyn. Kontrast, DVI-D &amp;&nbsp;D-Sub, Lautsprecher, Schwarz gl&auml;nzend.<\/span><\/span><\/span><\/span><\/span><\/span><\/span><\/span><\/span><\/span><\/span><\/span><\/span><\/span><\/span><\/span><\/strong><\/span><\/span><\/span><\/p>\n<p> <strong> <\/strong> <\/p>\n<p align=\"center\"><strong><\/strong><span class=\"title\" style=\"font-size:13pt;color:#660099;\"><span class=\"title\" style=\"font-size:13pt;color:#660099;\"><span><strong><span style=\"font-size:13pt;\"><span class=\"title\" style=\"font-size:13pt;color:#660099;\"><span class=\"title\" style=\"font-size:13pt;color:#660099;\"><span class=\"title\" style=\"font-size:13pt;color:#660099;\"><span class=\"title\" style=\"font-size:13pt;color:#660099;\"><span class=\"title\" style=\"font-size:13pt;color:#660099;\"><span class=\"title\" style=\"font-size:8pt;color:#660099;\"><span class=\"bodytext\"><span style=\"font-size:8pt;color:#660099;font-family:Arial, sans-serif;\"><span style=\"font-size:8pt;color:#660099;font-family:Arial, sans-serif;\"><span style=\"color:#5c5c5c;\"><a href=\"http:\/\/www.benq.ch\/products\/LCD\/index.cfm\/product\/1229\/nlid\/6231\/identifier\/karin.hidber@benq.com\/track\/1\/type\/ar\/action\/click\" title=\"http:\/\/www.benq.ch\/products\/LCD\/index.cfm\/product\/1229\/nlid\/6231\/identifier\/karin.hidber@benq.com\/track\/1\/type\/ar\/action\/click\" class=\"\" target=\"_blank\"><span title=\"http:\/\/www.benq.ch\/products\/LCD\/index.cfm\/product\/1229\/nlid\/6231\/identifier\/karin.hidber@benq.com\/track\/1\/type\/ar\/action\/click\" style=\"font-size:9pt;\"><img loading=\"lazy\" decoding=\"async\" title=\"http:\/\/www.benq.ch\/products\/LCD\/index.cfm\/product\/1229\/nlid\/6231\/identifier\/karin.hidber@benq.com\/track\/1\/type\/ar\/action\/click\" src=\"http:\/\/www.benq-eu.com\/modules\/image_bin.cfm?id=433816&amp;ttid=1548664&amp;url=product\/LCD\/GL941M\/GL941_img01thumb.jpg\" border=\"0\" height=\"112\" align=\"right\" alt=\"\" width=\"95\" \/>Mehr Infos<\/span><\/a><\/span><\/span><\/span><\/span><\/span><\/span><\/span><\/span><\/span><\/span><\/span><\/strong><\/span><\/span><\/span><\/p>\n<p> <strong> <\/strong><\/p>\n<p align=\"center\"><span class=\"title\" style=\"font-size:13pt;color:#660099;\"><span class=\"title\" style=\"font-size:8pt;color:#660099;\"><span class=\"bodytext\"><span style=\"font-size:8pt;color:#660099;font-family:Arial, sans-serif;\"> <\/span><\/span><\/span><\/span><\/p>\n<table border=\"0\" align=\"center\" width=\"92\" style=\"height:77px;\">\n<tr>\n<td width=\"50%\"> <\/td>\n<td width=\"50%\"> <\/td>\n<\/tr>\n<tr>\n<td> <\/td>\n<td> <\/td>\n<\/tr>\n<tr>\n<td colspan=\"2\"><span class=\"sub-hdr\" style=\"font-size:12pt;color:#000000;\"><span style=\"font-size:9pt;\"><img loading=\"lazy\" decoding=\"async\" src=\"http:\/\/www.benq-eu.com\/modules\/image_bin.cfm?id=347928&amp;ttid=1480687&amp;url=product\/archive\/linielila.gif\" border=\"0\" height=\"13\" align=\"left\" alt=\"\" width=\"138\" style=\"height:13px;\" \/><\/span><\/span><\/td>\n<\/tr>\n<tr>\n<td><span class=\"sub-hdr\" style=\"font-size:9pt;color:#000000;\"><span style=\"font-size:9pt;\">UVP**<\/span><\/span><\/td>\n<td>\n<div align=\"right\">\n<div class=\"sub-hdr\" style=\"font-size:12pt;color:#000000;\">\n<div align=\"right\"><span class=\"sub-hdr\" style=\"font-size:9pt;color:#000000;\"><span>149.-&nbsp; <\/span><\/span><\/div>\n<\/div><\/div>\n<\/td>\n<\/tr>\n<\/table>\n<\/td>\n<\/tr>\n<\/table>\n<\/td>\n<\/tr>\n<\/table>\n<hr size=\"1\" align=\"left\" width=\"98.45%\" style=\"height:1px;\" \/>\n<p align=\"left\">\n<table border=\"0\" width=\"579\" style=\"height:206px;\">\n<tr>\n<td valign=\"top\" width=\"30%\" style=\"padding-top:10px;\"><span class=\"title\" style=\"font-size:13pt;color:#660099;\"><span><span style=\"font-size:13pt;\"><span class=\"title\" style=\"font-size:13pt;color:#660099;\"><span class=\"title\" style=\"font-size:13pt;color:#660099;\"><\/span> <\/span><\/span><\/span><\/span><\/p>\n<p align=\"center\"><span class=\"title\" style=\"font-size:13pt;color:#660099;\"><span class=\"title\" style=\"font-size:13pt;color:#660099;\"><\/span><span><span style=\"font-size:13pt;\">G2222HDL \/ G2420HDBL<\/span><\/span><br \/> <span class=\"title\" style=\"font-size:8pt;color:#660099;\"><br \/> <span class=\"title1\"><span>21,5 und 24&#8243; Full-HD-Displays f&uuml;rs (Home-)Office mit LED-Backlight, 5ms Reaktionszeit, 5Mio.:1 dyn. Kontrast, DVI-D &amp;&nbsp;D-Sub, Schwarz gl&auml;nzend.<\/span><\/span><\/span><\/span><\/p>\n<div class=\"title\" style=\"font-size:13pt;color:#660099;\">\n<div class=\"title\" style=\"font-size:8pt;color:#660099;\"><em><\/em><\/p>\n<div style=\"font-size:8pt;color:#660099;font-family:Arial, sans-serif;\">\n<p align=\"center\" style=\"text-align:center;\" \/>\n<div class=\"title1\">\n<div style=\"font-size:10pt;\">Mehr Infos <a href=\"http:\/\/www.benq.ch\/products\/LCD\/index.cfm\/product\/1156\/nlid\/6231\/identifier\/karin.hidber@benq.com\/track\/1\/type\/ar\/action\/click\" title=\"http:\/\/www.benq.ch\/products\/LCD\/index.cfm\/product\/1156\/nlid\/6231\/identifier\/karin.hidber@benq.com\/track\/1\/type\/ar\/action\/click\" class=\"\" target=\"_blank\">G2222HDL<\/a>&nbsp;\/&nbsp;<a href=\"http:\/\/www.benq.ch\/products\/LCD\/index.cfm\/product\/1157\/nlid\/6231\/identifier\/karin.hidber@benq.com\/track\/1\/type\/ar\/action\/click\" title=\"http:\/\/www.benq.ch\/products\/LCD\/index.cfm\/product\/1157\/nlid\/6231\/identifier\/karin.hidber@benq.com\/track\/1\/type\/ar\/action\/click\" class=\"\" target=\"_blank\">G2420HDBL<\/a><a href=\"http:\/\/www.benq.ch\/products\/LCD\/index.cfm\/product\/1157\/nlid\/6231\/identifier\/karin.hidber@benq.com\/track\/1\/type\/ar\/action\/click\" title=\"http:\/\/www.benq.ch\/products\/LCD\/index.cfm\/product\/1157\/nlid\/6231\/identifier\/karin.hidber@benq.com\/track\/1\/type\/ar\/action\/click\" class=\"\" target=\"_blank\"><img loading=\"lazy\" decoding=\"async\" title=\"http:\/\/www.benq.ch\/products\/LCD\/index.cfm\/product\/1157\/nlid\/6231\/identifier\/karin.hidber@benq.com\/track\/1\/type\/ar\/action\/click\" src=\"http:\/\/www.benq-eu.com\/modules\/image_bin.cfm?id=433818&amp;ttid=1548664&amp;url=product\/LCD\/G2222HDL\/G2222HDL-04_patternthumb.jpg\" border=\"0\" height=\"112\" align=\"right\" alt=\"\" width=\"84\" \/><\/a><\/div>\n<\/div>\n<\/div>\n<\/div>\n<\/div>\n<\/td>\n<\/tr>\n<\/table>\n<p align=\"center\" style=\"text-align:center;\">\n<div class=\"title1\">\n<div style=\"font-size:10pt;\">\n<table border=\"0\" align=\"center\" width=\"176\" style=\"height:80px;\">\n<tr>\n<td width=\"50%\"> <\/td>\n<td width=\"50%\"> <\/td>\n<\/tr>\n<tr>\n<td> <\/td>\n<td> <\/td>\n<\/tr>\n<tr>\n<td colspan=\"2\">\n<div class=\"sub-hdr\" style=\"font-size:12pt;color:#000000;\"><img loading=\"lazy\" decoding=\"async\" src=\"http:\/\/www.benq-eu.com\/modules\/image_bin.cfm?id=347928&amp;ttid=1480687&amp;url=product\/archive\/linielila.gif\" border=\"0\" height=\"13\" align=\"left\" alt=\"\" width=\"138\" style=\"height:13px;\" \/><\/div>\n<\/td>\n<\/tr>\n<tr>\n<td>\n<div class=\"sub-hdr\" style=\"font-size:9pt;color:#000000;\">UVP**<\/div>\n<\/td>\n<td>\n<div align=\"right\">\n<div class=\"sub-hdr\" style=\"font-size:12pt;color:#000000;\">\n<div align=\"right\"><span class=\"sub-hdr\" style=\"font-size:9pt;color:#000000;\">179.- \/ 249.-<\/span><\/div>\n<\/div><\/div>\n<\/td>\n<\/tr>\n<\/table><\/div>\n<\/p>\n<td valign=\"top\" width=\"30%\" style=\"padding-left:20px;padding-top:10px;\">\n<p align=\"center\"><span class=\"title\" style=\"font-size:13pt;color:#660099;\"><span><span style=\"font-size:13pt;\"><span class=\"title\" style=\"font-size:13pt;color:#660099;\"><span class=\"title\" style=\"font-size:13pt;color:#660099;\"><\/span><\/span><\/span><\/span><span class=\"title\" style=\"font-size:13pt;color:#660099;\"><\/span><\/span><\/p>\n<p align=\"center\"><\nspan class=\"title\" style=\"font-size:13pt;color:#660099;\"><span><span style=\"font-size:13pt;\"><span class=\"title1\"><span style=\"font-size:13pt;\"><span class=\"title\" style=\"font-size:13pt;color:#660099;\"><span class=\"title\" style=\"font-size:13pt;color:#660099;\"><span><strong><span style=\"font-size:13pt;\"><span class=\"title\" style=\"font-size:13pt;color:#660099;\"><span class=\"title\" style=\"font-size:13pt;color:#660099;\"><\/span><\/span><\/span><\/strong><\/span><\/span><\/span><\/span><\/span><\/span><\/span><\/span><\/p>\n<p> <strong> <\/strong><\/p>\n<p align=\"center\"><span class=\"title\" style=\"font-size:13pt;color:#660099;\"><span><span style=\"font-size:13pt;\"><span class=\"title1\"><span style=\"font-size:13pt;\"><span class=\"title\" style=\"font-size:13pt;color:#660099;\"><span class=\"title\" style=\"font-size:13pt;color:#660099;\"><span><strong><span style=\"font-size:13pt;\">BL2400PT<\/span><\/strong><\/span><span class=\"title\" style=\"font-size:8pt;color:#660099;\"><span class=\"title1\"><span><\/p>\n<p \/>  <span class=\"title1\"><span>24&#8243; Office-Display mit VA-LED-Panel in Full-HD mit 178&deg;\/178&deg; Blickwinkel, 20Mio.:1 dyn. Kontrast, DVI-D, D-Sub &amp; Displayport, 130mm h&ouml;henverstellbar, Lautsprecher, Schwarz matt.<\/span><\/span><\/span><\/span><\/span><\/span><\/span><\/span><\/span><\/span><\/span><\/span><\/p>\n<p align=\"center\"><span class=\"title\" style=\"font-size:13pt;color:#660099;\"><span><span style=\"font-size:13pt;\"><span class=\"title1\"><span style=\"font-size:13pt;\"><span class=\"title\" style=\"font-size:13pt;color:#660099;\"><span class=\"title\" style=\"font-size:13pt;color:#660099;\"><span class=\"title\" style=\"font-size:8pt;color:#660099;\"><span class=\"bodytext\"><span style=\"font-size:8pt;color:#660099;font-family:Arial, sans-serif;\"><span style=\"font-size:8pt;color:#660099;font-family:Arial, sans-serif;\"><a href=\"http:\/\/www.benq.ch\/products\/LCD\/index.cfm\/product\/1211\/nlid\/6231\/identifier\/karin.hidber@benq.com\/track\/1\/type\/ar\/action\/click\" title=\"http:\/\/www.benq.ch\/products\/LCD\/index.cfm\/product\/1211\/nlid\/6231\/identifier\/karin.hidber@benq.com\/track\/1\/type\/ar\/action\/click\" class=\"\" target=\"_blank\"><img loading=\"lazy\" decoding=\"async\" title=\"http:\/\/www.benq.ch\/products\/LCD\/index.cfm\/product\/1211\/nlid\/6231\/identifier\/karin.hidber@benq.com\/track\/1\/type\/ar\/action\/click\" src=\"http:\/\/www.benq-eu.com\/modules\/image_bin.cfm?id=433189&amp;ttid=1548664&amp;url=product\/LCD\/BL2400PT\/BL2400PT_Front1_screen134x180112x15091x122.jpg\" border=\"0\" height=\"122\" align=\"right\" alt=\"\" width=\"91\" \/>Mehr Infos<\/a><\/span><\/span><\/span><\/span><\/span><\/span><\/span><\/span><\/span><\/span><\/span><\/p>\n<p> <span class=\"title\" style=\"font-size:13pt;color:#660099;\"><span class=\"title\" style=\"font-size:8pt;color:#660099;\"><span style=\"font-size:8pt;color:#660099;font-family:Arial, sans-serif;\"> <\/span><\/span><\/span><\/p>\n<div class=\"title\" style=\"font-size:13pt;color:#660099;\">\n<div class=\"title\" style=\"font-size:8pt;color:#660099;\">\n<p align=\"center\">\n<table border=\"0\" align=\"center\" width=\"92\" style=\"height:77px;\">\n<tr>\n<td width=\"50%\"> <\/td>\n<td width=\"50%\"> <\/td>\n<\/tr>\n<tr>\n<td> <\/td>\n<td> <\/td>\n<\/tr>\n<tr>\n<td colspan=\"2\">\n<div class=\"sub-hdr\" style=\"font-size:12pt;color:#000000;\"><img loading=\"lazy\" decoding=\"async\" src=\"http:\/\/www.benq-eu.com\/modules\/image_bin.cfm?id=347928&amp;ttid=1480687&amp;url=product\/archive\/linielila.gif\" border=\"0\" height=\"13\" align=\"left\" alt=\"\" width=\"138\" style=\"height:13px;\" \/><\/div>\n<\/td>\n<\/tr>\n<tr>\n<td>\n<div class=\"sub-hdr\" style=\"font-size:9pt;color:#000000;\">UVP**<\/div>\n<\/td>\n<td>\n<div align=\"right\">\n<div class=\"sub-hdr\" style=\"font-size:12pt;color:#000000;\">\n<div align=\"right\"><span class=\"sub-hdr\" style=\"font-size:9pt;color:#000000;\">319.-&nbsp; <\/span><\/div>\n<\/div><\/div>\n<\/td>\n<\/tr>\n<\/table>\n<\/div><\/div>\n<\/td>\n<hr size=\"1\" align=\"left\" width=\"98.45%\" style=\"height:1px;\" \/>\n<p \/>\n<p \/> <strong><span class=\"title\" style=\"font-size:13pt;color:#660099;\"><span><span style=\"font-size:13pt;\"><span class=\"title\" style=\"font-size:13pt;color:#660099;\"><span class=\"title\" style=\"font-size:13pt;color:#660099;\"><\/span><\/span><\/span><\/span><\/p>\n<p \/><\/span><\/strong> <strong> <\/p>\n<p align=\"center\"><span class=\"title\" style=\"font-size:13pt;color:#660099;\"><span class=\"title\" style=\"font-size:13pt;color:#660099;\"><\/span><span><strong><span style=\"font-size:13pt;\">V2200 Eco \/ V2210 Eco<\/span><\/strong><\/span><br \/> <span class=\"title\" style=\"font-size:8pt;color:#660099;\"><span class=\"title1\"><span><span class=\"title1\"><span>Weiss matt \/ Schwarz matt<\/span><\/span><\/p>\n<p \/>  <span class=\"title1\"><span>Gr&uuml;ne 21,5&#8243;&nbsp;Full-HD-Displays mit energiesparen-den,&nbsp;quecksilberfreien&nbsp;LED-Panels, 5ms Reaktionszeit, 5Mio.:1 dyn. Kontrast, DVI-D &amp; HDMI.<\/span><\/span><\/span><\/span><\/span><\/span><\/p>\n<p align=\"center\"><span class=\"title\" style=\"font-size:13pt;color:#660099;\"><span class=\"title\" style=\"font-size:8pt;color:#660099;\"><em><span style=\"font-family:Arial, sans-serif;\"><\/span><\/em><span class=\"bodytext\"><span style=\"font-size:8pt;color:#660099;font-family:Arial, sans-serif;\"><span class=\"title1\"><span style=\"font-size:10pt;\"><strong>Mehr Infos <a href=\"http:\/\/www.benq.ch\/products\/LCD\/index.cfm\/product\/975\/nlid\/6231\/identifier\/karin.hidber@benq.com\/track\/1\/type\/ar\/action\/click\" title=\"http:\/\/www.benq.ch\/products\/LCD\/index.cfm\/product\/975\/nlid\/6231\/identifier\/karin.hidber@benq.com\/track\/1\/type\/ar\/action\/click\" class=\"\" target=\"_blank\">V2200 Eco<\/a> \/ <a href=\"http:\/\/www.benq.ch\/products\/LCD\/index.cfm\/product\/1158\/nlid\/6231\/identifier\/karin.hidber@benq.com\/track\/1\/type\/ar\/action\/click\" title=\"http:\/\/www.benq.ch\/products\/LCD\/index.cfm\/product\/1158\/nlid\/6231\/identifier\/karin.hidber@benq.com\/track\/1\/type\/ar\/action\/click\" class=\"\" target=\"_blank\">V2210 Eco<\/a><\/strong><a href=\"http:\/\/www.benq.ch\/products\/LCD\/index.cfm\/product\/1158\/nlid\/6231\/identifier\/karin.hidber@benq.com\/track\/1\/type\/ar\/action\/click\" title=\"http:\/\/www.benq.ch\/products\/LCD\/index.cfm\/product\/1158\/nlid\/6231\/identifier\/karin.hidber@benq.com\/track\/1\/type\/ar\/action\/click\" class=\"\" target=\"_blank\"><img loading=\"lazy\" decoding=\"async\" title=\"http:\/\/www.benq.ch\/products\/LCD\/index.cfm\/product\/1158\/nlid\/6231\/identifier\/karin.hidber@benq.com\/track\/1\/type\/ar\/action\/click\" src=\"http:\/\/www.benq-eu.com\/modules\/image_bin.cfm?id=433821&amp;ttid=1548664&amp;url=product\/LCD\/V2410\/v2410_frontimage_ziz120x120.jpg\" border=\"0\" height=\"120\" align=\"right\" alt=\"\" width=\"120\" \/><\/a><\/span><\/span><\/span><\/span><\/span><\/span><\/p>\n<p> <\/strong> <\/p>\n<p align=\"center\"><strong><strong><span class=\"title\" style=\"font-size:13pt;color:#660099;\"><span class=\"title\" style=\"font-size:8pt;color:#660099;\"><span class=\"bodytext\"><span style=\"font-size:8pt;color:#660099;font-family:Arial, sans-serif;\"> <\/p>\n<table border=\"0\" align=\"center\" width=\"92\" style=\"height:77px;\">\n<tr>\n<td width=\"50%\"> <\/td>\n<td width=\"50%\"> <\/td>\n<\/tr>\n<tr>\n<td> <\/td>\n<td> <\/td>\n<\/tr>\n<tr>\n<td colspan=\"2\"><span class=\"sub-hdr\" style=\"font-size:12pt;color:#000000;\"><img loading=\"lazy\" decoding=\"async\" src=\"http:\/\/www.benq-eu.com\/modules\/image_bin.cfm?id=347928&amp;ttid=1480687&amp;url=product\/archive\/linielila.gif\" border=\"0\" height=\"13\" align=\"left\" alt=\"\" width=\"138\" style=\"height:13px;\" \/><\/span><\/td>\n<\/tr>\n<tr>\n<td><span class=\"sub-hdr\" style=\"font-size:9pt;color:#000000;\">UVP**<\/span><\/td>\n<td>\n<div align=\"right\">\n<div class=\"sub-hdr\" style=\"font-size:12pt;color:#000000;\">\n<div align=\"right\"><span class=\"sub-hdr\" style=\"font-size:9pt;color:#000000;\">209.-&nbsp; <\/span><\/div>\n<\/div><\/div>\n<\/td>\n<\/tr>\n<\/table>\n<p><\/span>     <\/span><\/span><\/span><\/strong><\/strong><\/p>\n<td valign=\"top\" width=\"30%\" style=\"padding-left:20px;padding-top:10px;\">\n<p align=\"center\"><span style=\"font-size:13pt;color:#660099;\"><span class=\"title\" style=\"font-size:13pt;color:#660099;\"><span><span style=\"font-size:13pt;\"><span class=\"title\" style=\"font-size:13pt;color:#660099;\"><span class=\"title\" style=\"font-size:13pt;color:#660099;\"><span class=\"title\" style=\"font-size:13pt;color:#660099;\"><\/span><span><span style=\"font-size:13pt;\"><span class=\"title1\"><span style=\"font-size:13pt;\"><span class=\"title\" style=\"font-size:13pt;color:#660099;\"><span class=\"title\" style=\"font-size:13pt;color:#660099;\"><span><span style=\"font-size:13pt;\"><span class=\"title\" style=\"font-size:13pt;color:#660099;\"><span class=\"title\" style=\"font-size:13pt;c\nolor:#660099;\"><\/span><\/span><\/span><\/span><span class=\"title\" style=\"font-size:13pt;color:#660099;\">&nbsp;<span class=\"title\" style=\"font-size:13pt;color:#660099;\"><span><span style=\"font-size:13pt;\"><span class=\"title1\"><span style=\"font-size:13pt;\"><span class=\"title\" style=\"font-size:13pt;color:#660099;\"><span class=\"title\" style=\"font-size:13pt;color:#660099;\"><span><strong><span style=\"font-size:13pt;\"><span class=\"title\" style=\"font-size:13pt;color:#660099;\"><span class=\"title\" style=\"font-size:13pt;color:#660099;\"><span><strong><span style=\"font-size:13pt;\">V2400 Eco<\/span><\/strong><\/span><span class=\"title\" style=\"font-size:8pt;color:#660099;\"><span class=\"title1\"><span><\/p>\n<p \/>  <span class=\"title1\"><span>Gr&uuml;nes&nbsp;24&#8243;&nbsp;Full-HD-Display mit energiesparendem,&nbsp;quecksilberfreiem&nbsp;LED-Panel, 5ms Reaktionszeit, 5Mio.:1 dyn. Kontrast, DVI-D &amp; HDMI, Weiss matt.<\/span><\/span><br \/> <\/span><\/span><\/span><\/span><\/span><\/span><\/strong><\/span><\/span><\/span><\/span><\/span><\/span><\/span><\/span><\/span><\/span><\/span><\/span><\/span><\/span><\/span><\/span><\/span><\/span><\/span><\/span><\/span><\/p>\n<p> <strong> <\/strong><\/p>\n<p align=\"center\"><span class=\"title\" style=\"font-size:13pt;color:#660099;\"><span class=\"title\" style=\"font-size:8pt;color:#660099;\"><em><span style=\"font-family:Arial, sans-serif;\"><\/span><\/em><span class=\"bodytext\"><span style=\"font-size:8pt;color:#660099;font-family:Arial, sans-serif;\"><span class=\"title1\"><span style=\"font-size:10pt;\"><strong><a href=\"http:\/\/www.benq.ch\/products\/LCD\/index.cfm\/product\/1114\/nlid\/6231\/identifier\/karin.hidber@benq.com\/track\/1\/type\/ar\/action\/click\" title=\"http:\/\/www.benq.ch\/products\/LCD\/index.cfm\/product\/1114\/nlid\/6231\/identifier\/karin.hidber@benq.com\/track\/1\/type\/ar\/action\/click\" class=\"\" target=\"_blank\"><img loading=\"lazy\" decoding=\"async\" title=\"http:\/\/www.benq.ch\/products\/LCD\/index.cfm\/product\/1114\/nlid\/6231\/identifier\/karin.hidber@benq.com\/track\/1\/type\/ar\/action\/click\" src=\"http:\/\/www.benq-eu.com\/modules\/image_bin.cfm?id=433823&amp;ttid=1548664&amp;url=product\/LCD\/V2400_Eco\/V2200_V2400Eco_front-1thumb.jpg\" border=\"0\" height=\"85\" align=\"right\" alt=\"\" width=\"112\" \/>Mehr Infos<\/a><\/strong><\/span><\/span><\/span><\/span><\/span><\/span><\/p>\n<p align=\"center\"><strong><span class=\"title\" style=\"font-size:13pt;color:#660099;\"><span class=\"title\" style=\"font-size:8pt;color:#660099;\"><span class=\"bodytext\"><span style=\"font-size:8pt;color:#660099;font-family:Arial, sans-serif;\"> <\/span><\/span><\/span><\/span><\/strong><\/p>\n<table border=\"0\" align=\"center\" width=\"92\" style=\"height:77px;\">\n<tr>\n<td width=\"50%\"> <\/td>\n<td width=\"50%\"> <\/td>\n<\/tr>\n<tr>\n<td> <\/td>\n<td> <\/td>\n<\/tr>\n<tr>\n<td colspan=\"2\"><span class=\"sub-hdr\" style=\"font-size:12pt;color:#000000;\"><img loading=\"lazy\" decoding=\"async\" src=\"http:\/\/www.benq-eu.com\/modules\/image_bin.cfm?id=347928&amp;ttid=1480687&amp;url=product\/archive\/linielila.gif\" border=\"0\" height=\"13\" align=\"left\" alt=\"\" width=\"138\" style=\"height:13px;\" \/><\/span><\/td>\n<\/tr>\n<tr>\n<td><span class=\"sub-hdr\" style=\"font-size:9pt;color:#000000;\">UVP**<\/span><\/td>\n<td>\n<div align=\"right\">\n<div class=\"sub-hdr\" style=\"font-size:12pt;color:#000000;\">\n<div align=\"right\"><span class=\"sub-hdr\" style=\"font-size:9pt;color:#000000;\">319.-&nbsp; <\/span><\/div>\n<\/div><\/div>\n<\/td>\n<\/tr>\n<\/table>\n<\/td>\n<p>    <span class=\"sub-hdr\"><span class=\"sub-hdr\"><\/span><\/span> <\/p>\n<\/p>\n<hr size=\"1\" align=\"left\" width=\"98.45%\" style=\"height:1px;\" \/>\n<table border=\"0\" width=\"579\" style=\"height:206px;\">\n<tr>\n<td valign=\"top\" width=\"30%\" style=\"padding-top:10px;\"><span class=\"title\" style=\"font-size:13pt;color:#660099;\"><span class=\"title\" style=\"font-size:13pt;color:#660099;\"><span class=\"title\" style=\"font-size:13pt;color:#660099;\"><\/span><span><span style=\"font-size:13pt;\"><span class=\"title1\"><span style=\"font-size:13pt;\"><span class=\"title\" style=\"font-size:13pt;color:#660099;\"><span class=\"title\" style=\"font-size:13pt;color:#660099;\"><span><span style=\"font-size:13pt;\"><span class=\"title\" style=\"font-size:13pt;color:#660099;\"><span class=\"title\" style=\"font-size:13pt;color:#660099;\"><\/span><\/span><\/span><\/span><\/span><\/span><\/span><\/span><\/span><\/span><\/span><\/span><\/p>\n<p \/> <strong><span class=\"title\" style=\"font-size:13pt;color:#660099;\"><span class=\"title\" style=\"font-size:13pt;color:#660099;\"><\/span><\/span><\/strong><\/p>\n<div><strong><\/strong><\/p>\n<div style=\"font-size:13pt;\">\n<p align=\"center\"><span class=\"title\" style=\"font-size:13pt;color:#660099;\"><span class=\"title\" style=\"font-size:13pt;color:#660099;\"><span><span style=\"font-size:13pt;\">EW2430<\/span><\/span><\/span><\/span><\/p>\n<\/div>\n<\/div>\n<p><span class=\"title\" style=\"font-size:13pt;color:#660099;\"><span class=\"title\" style=\"font-size:13pt;color:#660099;\"><span class=\"title\" style=\"font-size:8pt;color:#660099;\"><span class=\"title1\"><span><span class=\"title1\"><span><br \/> <\/span><\/span><\/span><\/span><\/span><\/span><span class=\"title\" style=\"font-size:13pt;color:#660099;\"><span class=\"title\" style=\"font-size:8pt;color:#660099;\"><span class=\"title1\"><span><span class=\"title1\"><span><br \/> 24&#8243; Multimedia-Display mit VA-LED-Panel&nbsp;in Full-HD 16:9 mit 178&deg;\/178&deg; Blickwinkel, 20Mio.:1 dyn. Kontrast,&nbsp;AMA, 2x HDMI, DVI-D, D-Sub und 4x USB, Lautsprecher,&nbsp;Schwarz gl&auml;nzend<\/span><\/span><\/span><\/span><em><span style=\"font-family:Arial, sans-serif;\">.<\/span><\/em><\/span><\/span><\/span> <\/p>\n<p align=\"center\"><span class=\"title\" style=\"font-size:13pt;color:#660099;\"><span class=\"title\" style=\"font-size:8pt;color:#660099;\"><em><span style=\"font-family:Arial, sans-serif;\"><\/span><\/em><span class=\"bodytext\"><span style=\"font-size:8pt;color:#660099;font-family:Arial, sans-serif;\"><span style=\"font-size:8pt;color:#660099;font-family:Arial, sans-serif;\"><span class=\"title\" style=\"font-size:13pt;color:#660099;\"><span class=\"title\" style=\"font-size:8pt;color:#660099;\"><em><span style=\"font-family:Arial, sans-serif;\"><\/span><\/em><span class=\"bodytext\"><span style=\"font-size:8pt;color:#660099;font-family:Arial, sans-serif;\"><span style=\"font-size:8pt;color:#660099;font-family:Arial, sans-serif;\"><a href=\"http:\/\/benq.ch\/products\/LCD\/index.cfm\/product\/1247\/nlid\/6231\/identifier\/karin.hidber@benq.com\/track\/1\/type\/ar\/action\/click\" title=\"http:\/\/benq.ch\/products\/LCD\/index.cfm\/product\/1247\/nlid\/6231\/identifier\/karin.hidber@benq.com\/track\/1\/type\/ar\/action\/click\" class=\"\" target=\"_blank\"><img loading=\"lazy\" decoding=\"async\" title=\"http:\/\/benq.ch\/products\/LCD\/index.cfm\/product\/1247\/nlid\/6231\/identifier\/karin.hidber@benq.com\/track\/1\/type\/ar\/action\/click\" src=\"http:\/\/www.benq-eu.com\/modules\/image_bin.cfm?id=433183&amp;ttid=1548664&amp;url=product\/LCD\/EW2430\/EW2430_Left45_spiegthumb.jpg\" border=\"0\" height=\"110\" align=\"right\" alt=\"\" width=\"112\" \/>Mehr Infos<\/a><\/span><\/span><\/span><\/span><\/span><\/span><\/span><\/span><\/span><\/span><\/p>\n<div class=\"title\" style=\"font-size:13pt;color:#660099;\">\n<div class=\"title\" style=\"font-size:8pt;color:#660099;\">\n<div class=\"bodytext\">\n<div style=\"font-size:8pt;color:#660099;font-family:Arial, sans-serif;\">\n<p align=\"center\">\n<table border=\"0\" align=\"center\" width=\"92\" style=\"height:77px;\">\n<tr>\n<td width=\"50%\"> <\/td>\n<td width=\"50%\"> <\/td>\n<\/tr>\n<tr>\n<td> <\/td>\n<td> <\/td>\n<\/tr>\n<tr>\n<td colspan=\"2\">\n<div class=\"sub-hdr\" style=\"font-size:12pt;color:#000000;\"><img loading=\"lazy\" decoding=\"async\" src=\"http:\/\/www.benq-eu.com\/modul\nes\/image_bin.cfm?id=347928&amp;ttid=1480687&amp;url=product\/archive\/linielila.gif\" border=\"0\" height=\"13\" align=\"left\" alt=\"\" width=\"138\" style=\"height:13px;\" \/><\/div>\n<\/td>\n<\/tr>\n<tr>\n<td>\n<div class=\"sub-hdr\" style=\"font-size:9pt;color:#000000;\">UVP**<\/div>\n<\/td>\n<td>\n<div align=\"right\">\n<div class=\"sub-hdr\" style=\"font-size:12pt;color:#000000;\">\n<div align=\"right\"><span class=\"sub-hdr\" style=\"font-size:9pt;color:#000000;\">349.-&nbsp; <\/span><\/div>\n<\/div><\/div>\n<\/td>\n<\/tr>\n<\/table>\n<\/div><\/div>\n<\/div>\n<\/div>\n<\/td>\n<\/tr>\n<\/table>\n<td valign=\"top\" width=\"30%\" style=\"padding-left:20px;padding-top:10px;\">\n<p align=\"center\"><span class=\"title\" style=\"font-size:13pt;color:#660099;\"><span class=\"title\" style=\"font-size:13pt;color:#660099;\"><span><span style=\"font-size:13pt;\">&nbsp;<span class=\"title\" style=\"font-size:13pt;color:#660099;\"><span><span style=\"font-size:13pt;\">XL2410T<\/span><\/span><br \/> <span class=\"title\" style=\"font-size:8pt;color:#660099;\"><br \/> H&ouml;henverstellbarer 23,6&#8243; Gaming-Profi in Full-HD mit LED-Backlight, 2ms TN-Panel, 120Hz Refresh-Rate, Gaming Picture Modes, NVIDIA 3D Vision Ready, PBP, HDMI u.a., Schwarz matt.<br \/> <\/span><\/span><\/span><\/span><\/span><\/span><\/p>\n<p align=\"center\"><span class=\"title\" style=\"font-size:13pt;color:#660099;\"><span class=\"title\" style=\"font-size:8pt;color:#660099;\"><em><\/em><span style=\"font-size:8pt;color:#660099;font-family:Arial, sans-serif;\"><a href=\"http:\/\/www.benq.ch\/products\/LCD\/index.cfm\/product\/1223\/nlid\/6231\/identifier\/karin.hidber@benq.com\/track\/1\/type\/ar\/action\/click\" title=\"http:\/\/www.benq.ch\/products\/LCD\/index.cfm\/product\/1223\/nlid\/6231\/identifier\/karin.hidber@benq.com\/track\/1\/type\/ar\/action\/click\" class=\"\" target=\"_blank\"><img loading=\"lazy\" decoding=\"async\" title=\"http:\/\/www.benq.ch\/products\/LCD\/index.cfm\/product\/1223\/nlid\/6231\/identifier\/karin.hidber@benq.com\/track\/1\/type\/ar\/action\/click\" src=\"http:\/\/www.benq-eu.com\/modules\/image_bin.cfm?id=433826&amp;ttid=1548664&amp;url=product\/LCD\/XL2410T\/XL2410T%20SpawnHeatonjpgthumb.jpg\" border=\"0\" height=\"112\" align=\"right\" alt=\"\" width=\"96\" \/>Mehr Infos<\/a><\/span><\/span><\/span><\/p>\n<div class=\"title\" style=\"font-size:13pt;color:#660099;\">\n<div class=\"title\" style=\"font-size:8pt;color:#660099;\">\n<div class=\"bodytext\">\n<div style=\"font-size:8pt;color:#660099;font-family:Arial, sans-serif;\">\n<p align=\"center\">\n<table border=\"0\" align=\"center\" width=\"92\" style=\"height:77px;\">\n<tr>\n<td width=\"50%\"> <\/td>\n<td width=\"50%\"> <\/td>\n<\/tr>\n<tr>\n<td> <\/td>\n<td> <\/td>\n<\/tr>\n<tr>\n<td colspan=\"2\">\n<div class=\"sub-hdr\" style=\"font-size:12pt;color:#000000;\"><img loading=\"lazy\" decoding=\"async\" src=\"http:\/\/www.benq-eu.com\/modules\/image_bin.cfm?id=347928&amp;ttid=1480687&amp;url=product\/archive\/linielila.gif\" border=\"0\" height=\"13\" align=\"left\" alt=\"\" width=\"138\" style=\"height:13px;\" \/><\/div>\n<\/td>\n<\/tr>\n<tr>\n<td>\n<div class=\"sub-hdr\" style=\"font-size:9pt;color:#000000;\">UVP**<\/div>\n<\/td>\n<td>\n<div align=\"right\">\n<div class=\"sub-hdr\" style=\"font-size:12pt;color:#000000;\">\n<div align=\"right\"><span class=\"sub-hdr\" style=\"font-size:9pt;color:#000000;\">499.-&nbsp; <\/span><\/div>\n<\/div><\/div>\n<\/td>\n<\/tr>\n<\/table>\n<\/div><\/div>\n<\/div>\n<\/div>\n<\/td>\n<hr size=\"1\" align=\"left\" width=\"98.45%\" style=\"height:1px;\" \/>\n<p>&nbsp;Projektoren<\/p>\n<p align=\"left\">\n<table border=\"0\" width=\"576\" style=\"height:147px;\">\n<tr>\n<td valign=\"top\" width=\"30%\" style=\"padding-top:10px;\">\n<p class=\"\" align=\"center\" style=\"font-size:13pt;color:#660099;\"><strong><span class=\"title\"><span class=\"title\" style=\"font-size:12pt;\">MX880UST<br \/> <\/span><\/span><\/strong><span class=\"title\" style=\"font-size:8pt;color:#660099;\">XGA auf ultra-kurzer Distanz<\/span><\/p>\n<p><span class=\"title\" style=\"font-size:8pt;color:#660099;\">&nbsp;&nbsp;<\/span><span class=\"bodytext\" style=\"color:#000000;\">&#149;&nbsp;DLP&reg;-Technologie<br \/> &nbsp; &#149;&nbsp;XGA&nbsp;(1024&#215;768)&nbsp;<br \/> &nbsp; &#149;&nbsp;Ultra-Kurzdistanz-Linse<br \/> &nbsp; &#149;&nbsp;3000:1 max. Kontrast&nbsp;&nbsp;&nbsp;<br \/> &nbsp; &#149;&nbsp;2500 ANSI Lumen Helligkeit<br \/> &nbsp; &#149;&nbsp;LAN \/ USB Display&nbsp;&nbsp;&nbsp;<br \/> &nbsp; &#149;&nbsp;Schnellk&uuml;hlfunktion&nbsp;&nbsp;<br \/> &nbsp;&nbsp;&#149;&nbsp;PC 3D Ready&nbsp;&nbsp;&nbsp;&nbsp;&nbsp;&nbsp;&nbsp;<br \/> &nbsp; <\/span><span class=\"bodytext\" style=\"color:#000000;\">&#149;&nbsp;2x 10-Watt-Stereo-Lautsprecher<br \/> <\/span><\/p>\n<\/td>\n<td valign=\"top\" width=\"60%\" style=\"padding-left:20px;padding-top:10px;\">\n<p><img loading=\"lazy\" decoding=\"async\" src=\"http:\/\/www.benq-eu.com\/modules\/image_bin.cfm?id=432522&amp;ttid=1547631&amp;url=product\/PROJECTOR\/MX880UST\/BenQ_MX880UST350x283280x226200x161.jpg\" border=\"0\" height=\"161\" align=\"left\" alt=\"\" width=\"199\" \/><\/p>\n<p \/>\n<table border=\"0\" align=\"center\" width=\"124\" style=\"height:83px;\">\n<tr>\n<td width=\"50%\"> <\/td>\n<td width=\"50%\"> <\/td>\n<\/tr>\n<tr>\n<td> <\/td>\n<td> <\/td>\n<\/tr>\n<tr>\n<td colspan=\"2\"><span class=\"sub-hdr\" style=\"font-size:12pt;color:#000000;\"><img loading=\"lazy\" decoding=\"async\" src=\"http:\/\/www.benq-eu.com\/modules\/image_bin.cfm?id=347928&amp;ttid=1480687&amp;url=product\/archive\/linielila.gif\" border=\"0\" height=\"13\" align=\"left\" alt=\"\" width=\"138\" style=\"height:13px;\" \/><\/span><\/td>\n<\/tr>\n<tr>\n<td><span class=\"sub-hdr\" style=\"font-size:9pt;color:#000000;\">UVP**<\/span><\/td>\n<td>\n<div align=\"right\">\n<div class=\"sub-hdr\" style=\"font-size:12pt;color:#000000;\">\n<div align=\"right\"><span class=\"sub-hdr\" style=\"font-size:9pt;color:#000000;\">1&#8217;999.-&nbsp; <\/span><\/div>\n<\/div><\/div>\n<\/td>\n<\/tr>\n<\/table>\n<\/td>\n<\/tr>\n<\/table>\n<p align=\"center\"><a href=\"http:\/\/www.benq.ch\/products\/Projector\/index.cfm\/product\/1208\/nlid\/6231\/identifier\/karin.hidber@benq.com\/track\/1\/type\/ar\/action\/click\" title=\"http:\/\/www.benq.ch\/products\/Projector\/index.cfm\/product\/1208\/nlid\/6231\/identifier\/karin.hidber@benq.com\/track\/1\/type\/ar\/action\/click\" class=\"\" target=\"_blank\">&#149;&nbsp;Mehr Informationen<\/a><span style=\"color:#333333;\">&nbsp;<\/span>&nbsp;<\/p>\n<p align=\"left\">\n<hr size=\"1\" align=\"left\" width=\"98.45%\" style=\"height:1px;\" \/>\n<p align=\"left\">\n<table border=\"0\" width=\"579\" style=\"height:192px;\">\n<tr>\n<td valign=\"top\" width=\"30%\" style=\"padding-top:10px;\">\n<p align=\"center\"><span class=\"title\" style=\"font-size:13pt;color:#660099;\"><span><span style=\"font-size:13pt;\"><span class=\"title1\"><span style=\"font-size:13pt;\">MW811ST<br \/> <\/span><\/span><\/span><\/span><\/span><span class=\"title\" style=\"font-size:13pt;color:#660099;\"><span class=\"title\" style=\"font-size:8pt;color:#660099;\"><span style=\"font-size:8pt;\"><span class=\"title\" style=\"font-size:13pt;color:#660099;\"><span class=\"title\" style=\"font-size:8pt;color:#660099;\"><span style=\"font-size:8pt;\">Jederzeit Grossbildgenuss<br \/> <\/span><br \/> Kurzdistanz-Projektor mit WXGA (1280&#215;800) Aufl&ouml;sung, 2500 ANSI Lumen, 4600:1 Kontrast,&nbsp;6-Segment-Farbrad,&nbsp;LAN Control, digitale\/vertikale Trapezkorrektur, D-Sub,&nbsp;Composite, <\/span><\/span><\/span>USB u.a., Lautsprecher.<\/span><\/span><\/p>\n<p> <span class=\"title\" style=\"font-size:13pt;color:#660099;\"><span class=\"title\"><\/span><\/span><\/span><\/td>\n<\/tr>\n<\/table>\n","protected":false},"excerpt":{"rendered":"<p>BenQ Newsletter Juni 2011 Einige Monitore und Projektoren erhalten Sie ab sofort zu noch g\u00fcnstigeren Konditionen. Details zu allen Produkten und deren Preisen entnehmen Sie diesem Newsletter sowie den beigef\u00fcgten Preislisten. Wir w\u00fcnschen Ihnen&#8230;<\/p>\n","protected":false},"author":1,"featured_media":0,"comment_status":"open","ping_status":"open","sticky":false,"template":"","format":"standard","meta":{"footnotes":""},"categories":[1],"tags":[],"class_list":["post-61377308","post","type-post","status-publish","format-standard","hentry","category-uncategorized"],"_links":{"self":[{"href":"https:\/\/www.lichttechnik.info\/news\/wp-json\/wp\/v2\/posts\/61377308","targetHints":{"allow":["GET"]}}],"collection":[{"href":"https:\/\/www.lichttechnik.info\/news\/wp-json\/wp\/v2\/posts"}],"about":[{"href":"https:\/\/www.lichttechnik.info\/news\/wp-json\/wp\/v2\/types\/post"}],"author":[{"embeddable":true,"href":"https:\/\/www.lichttechnik.info\/news\/wp-json\/wp\/v2\/users\/1"}],"replies":[{"embeddable":true,"href":"https:\/\/www.lichttechnik.info\/news\/wp-json\/wp\/v2\/comments?post=61377308"}],"version-history":[{"count":0,"href":"https:\/\/www.lichttechnik.info\/news\/wp-json\/wp\/v2\/posts\/61377308\/revisions"}],"wp:attachment":[{"href":"https:\/\/www.lichttechnik.info\/news\/wp-json\/wp\/v2\/media?parent=61377308"}],"wp:term":[{"taxonomy":"category","embeddable":true,"href":"https:\/\/www.lichttechnik.info\/news\/wp-json\/wp\/v2\/categories?post=61377308"},{"taxonomy":"post_tag","embeddable":true,"href":"https:\/\/www.lichttechnik.info\/news\/wp-json\/wp\/v2\/tags?post=61377308"}],"curies":[{"name":"wp","href":"https:\/\/api.w.org\/{rel}","templated":true}]}}