{"id":28689751,"date":"2010-09-22T12:52:00","date_gmt":"2010-09-22T12:52:00","guid":{"rendered":"http:\/\/lichttechnik.posterous.com\/benq-newsletter-september-2010-358-sehenswert"},"modified":"2010-09-22T12:52:00","modified_gmt":"2010-09-22T12:52:00","slug":"benq-newsletter-september-2010-358-sehenswert","status":"publish","type":"post","link":"https:\/\/www.lichttechnik.info\/news\/2010\/09\/benq-newsletter-september-2010-358-sehenswert\/","title":{"rendered":"BenQ Newsletter September 2010 &#8211; 358\u00b0 sehenswert"},"content":{"rendered":"<div>\n<div>\n<table class=\"MsoNormalTable\" border=\"1\" style=\"border:1pt solid #cccccc;\" width=\"513\">\n<tr>\n<td style=\"border:medium none;padding:0;\">\n<table class=\"MsoNormalTable\" border=\"0\" width=\"604\">\n<tr>\n<td style=\"padding:0;\" width=\"604\">\n<p><span style=\"font-family:Times New Roman;font-size:small;\"><span style=\"font-size:12pt;\"><\/p>\n<div class='p_embed p_image_embed'><a href=\"http:\/\/getfile7.posterous.com\/getfile\/files.posterous.com\/lichttechnik\/jaEHVIwpvEjiwX3X6cnf283NCm91XhKBWn8urbZCaVJo1ULCATHqYGmG99BR\/unknownname.jpg\"><img loading=\"lazy\" decoding=\"async\" alt=\"Unknownname\" height=\"104\" src=\"http:\/\/www.lichttechnik.info\/news\/wp-content\/uploads\/2013\/04\/unknownname-scaled-500127.jpg\" width=\"500\" \/><\/a><\/div>\n<p><\/span><\/span><\/p>\n<\/td>\n<\/tr>\n<tr>\n<td style=\"padding:7.5pt;\">\n<p style=\"text-align:center;\"><strong><strong><span style=\"color:black;font-family:Arial;font-size:small;\"><span style=\"font-size:12pt;font-family:Arial;color:black;\">Newsletter&nbsp;September&nbsp;2010 <\/span><\/span><\/strong><\/strong><strong><span style=\"color:black;font-family:Arial;\"><span style=\"font-family:Arial;color:black;font-weight:bold;\"><br \/> <strong><strong><span style=\"font-family:Arial;\"><span style=\"font-family:Arial;\">*** <\/span><\/span><\/strong><\/strong><br \/> <strong><strong><span style=\"font-family:Arial;\"><span style=\"font-family:Arial;\">358&deg; sehenswert!<\/span><\/span><\/strong><\/strong><\/span><\/span><\/strong><span style=\"color:#333333;font-family:Arial;font-size:xx-small;\"><span style=\"font-size:8.5pt;font-family:Arial;color:#333333;\">&nbsp;<\/span><\/span><\/p>\n<p><span style=\"color:#333333;font-family:Arial;font-size:xx-small;\"><span style=\"font-size:8.5pt;font-family:Arial;color:#333333;\">Liebe Gesch&auml;ftspartner<\/p>\n<p \/>  Ab sofort bieten wir Ihnen <strong><strong><span style=\"font-family:Arial;\"><span style=\"font-family:Arial;\">s&auml;mtliche Monitore<\/span><\/span><\/strong><\/strong> und einige <strong><strong><span style=\"font-family:Arial;\"><span style=\"font-family:Arial;\">Projektoren<\/span><\/span><\/strong><\/strong> <strong><strong><span style=\"font-family:Arial;\"><span style=\"font-family:Arial;\">zu g&uuml;nstigeren Konditionen<\/span><\/span><\/strong><\/strong> an! Die Preise sowie die technischen Spezifikationen finden Sie&nbsp;auf den beigef&uuml;gten Preislisten.&nbsp;<\/p>\n<p \/>  <\/span><\/span> <a href=\"http:\/\/zizilia.benq-eu.com\/attachments\/5826\/Datenblatt_BenQ_BL2400PT.pdf?nlid=5826&amp;identifier=karin.hidber@benq.com&amp;track=1&amp;type=ar&amp;action=click\" target=\"_blank\"><\/a><span style=\"color:#333333;font-family:Arial;font-size:xx-small;\"><span style=\"font-size:8.5pt;font-family:Arial;color:#333333;\">&nbsp;<\/span><\/span> <a href=\"http:\/\/zizilia.benq-eu.com\/attachments\/5826\/Datenblatt_BenQ_BL2400PT.pdf?nlid=5826&amp;identifier=karin.hidber@benq.com&amp;track=1&amp;type=ar&amp;action=click\" target=\"_blank\"><\/a><span style=\"color:#333333;font-family:Arial;font-size:xx-small;\"><span style=\"font-size:8.5pt;font-family:Arial;color:#333333;\">&nbsp;<\/span><\/span><span style=\"color:#333333;font-family:Arial;font-size:xx-small;\"><span style=\"font-size:8.5pt;font-family:Arial;color:#333333;\">Desweiteren setzt BenQ mit seinen Produkten neue Massst&auml;be:<br \/> Zwei aktuelle <strong><strong><span style=\"font-family:Arial;\"><span style=\"font-family:Arial;\">Newcomer,&nbsp;<\/span><\/span><\/strong><\/strong><a href=\"http:\/\/zizilia.benq-eu.com\/attachments\/5826\/Datenblatt_BenQ_EW2420.pdf?nlid=5826&amp;identifier=karin.hidber@benq.com&amp;track=1&amp;type=ar&amp;action=click\" title=\"http:\/\/zizilia.benq-eu.com\/attachments\/5826\/Datenblatt_BenQ_EW2420.pdf?nlid=5826&amp;identifier=karin.hidber@benq.com&amp;track=1&amp;type=ar&amp;action=click\" target=\"_blank\"><strong><span title=\"http:\/\/zizilia.benq-eu.com\/attachments\/5826\/Datenblatt_BenQ_EW2420.pdf?nlid=5826&amp;identifier=karin.hidber@benq.com&amp;track=1&amp;type=ar&amp;action=click\"><strong><span style=\"color:#5c5c5c;font-family:Arial;\"><span style=\"font-family:Arial;color:#5c5c5c;text-decoration:none;\">EW2420<\/span><\/span><\/strong><\/span><\/strong><\/a> und&nbsp;<a href=\"http:\/\/zizilia.benq-eu.com\/attachments\/5826\/Datenblatt_BenQ_BL2400PT.pdf?nlid=5826&amp;identifier=karin.hidber@benq.com&amp;track=1&amp;type=ar&amp;action=click\" title=\"http:\/\/zizilia.benq-eu.com\/attachments\/5826\/Datenblatt_BenQ_BL2400PT.pdf?nlid=5826&amp;identifier=karin.hidber@benq.com&amp;track=1&amp;type=ar&amp;action=click\" target=\"_blank\"><strong><span title=\"http:\/\/zizilia.benq-eu.com\/attachments\/5826\/Datenblatt_BenQ_BL2400PT.pdf?nlid=5826&amp;identifier=karin.hidber@benq.com&amp;track=1&amp;type=ar&amp;action=click\"><strong><span style=\"color:#5c5c5c;font-family:Arial;\"><span style=\"font-family:Arial;color:#5c5c5c;text-decoration:none;\">BL2400PT<\/span><\/span><\/strong><\/span><\/strong><\/a>, sind die weltweit ersten 24&#8243; Displays mit der innovativen <strong><strong><span style=\"font-family:Arial;\"><span style=\"font-family:Arial;\">VA-LED-Technologie<\/span><\/span><\/strong><\/strong>. Der sehr weite Blickwinkel von horizontal und vertikal bis zu 178&deg; sowie 180&deg; R&uuml;ckwand-Design, die brillanten Farben, der dunkelste Schwarzwert sowie die beeindruckend hohen Kontrastverh&auml;ltnisse von 20 Mio.:1 &uuml;berzeugen! <strong><strong><span style=\"font-family:Arial;\"><span style=\"font-family:Arial;\">Weitere Neuheiten<\/span><\/span><\/strong><\/strong> und Details dazu entnehmen Sie bitte der Preisliste sowie den Produkt-Datenbl&auml;ttern.<\/p>\n<p \/>  Zudem freuen wir uns &uuml;ber das postive Testergebnis in der aktuellen Ausgabe der &#8220;PC go&#8221; (Ausgabe 9\/10) f&uuml;r unseren <a href=\"http:\/\/benq.ch\/products\/LCD\/index.cfm\/product\/1157\/nlid\/5826\/identifier\/karin.hidber@benq.com\/track\/1\/type\/ar\/action\/click\" title=\"http:\/\/benq.ch\/products\/LCD\/index.cfm\/product\/1157\/nlid\/5826\/identifier\/karin.hidber@benq.com\/track\/1\/type\/ar\/action\/click\" target=\"_blank\"><span style=\"color:#333333;\"><span style=\"color:#333333;\">BenQ G2420HDBL<\/span><\/span><\/a><\/span><\/span><span style=\"color:gray;font-family:Arial;font-size:xx-small;\"><span style=\"font-size:8.5pt;font-family:Arial;color:gray;\">.<\/span><\/span><span style=\"color:#333333;font-family:Arial;font-size:xx-small;\"><span style=\"font-size:8.5pt;font-family:Arial;color:#333333;\">&nbsp;Ebenfalls &#8220;gut&#8221; findet das &#8220;PC Magazin&#8221; (Ausgabe 9\/2010) unseren <a href=\"http:\/\/benq.ch\/products\/LCD\/index.cfm\/product\/1170\/nlid\/5826\/identifier\/karin.hidber@benq.com\/track\/1\/type\/ar\/action\/click\" title=\"http:\/\/benq.ch\/products\/LCD\/index.cfm\/product\/1170\/nlid\/5826\/identifier\/karin.hidber@benq.com\/track\/1\/type\/ar\/action\/click\" target=\"_blank\"><span style=\"color:#333333;\"><span style=\"color:#333333;\">BenQ V2420<\/span><\/span><\/a>.<\/span><\/span><span style=\"color:#333333;font-family:Arial;font-size:xx-small;\"><span style=\"font-size:8.5pt;font-family:Arial;color:#333333;\">&nbsp;<\/span><\/span><\/p>\n<p><span style=\"color:#333333;font-family:Arial;font-size:xx-small;\"><span style=\"font-size:8.5pt;font-family:Arial;color:#333333;\"><\/p>\n<p \/>  <\/span><\/span> <a href=\"http:\/\/zizilia.benq-eu.com\/attachments\/5826\/SpecSheet_BenQ_MX760_761.pdf?nlid=5826&amp;identifier=karin.hidber@benq.com&amp;track=1&amp;type=ar&amp;action=click\" target=\"_blank\"><\/a><span style=\"color:#333333;font-family:Arial;font-size:xx-small;\"><\/span><span style=\"color:#333333;font-family:Arial;font-size:xx-small;\"><span style=\"font-size:8.5pt;font-family:Arial;color:#333333;\"><br \/> Weitere Infos zu unseren Produkten finden Sie auf unserer Website: <a href=\"http:\/\/benq.ch\/products\/?nlid=5826&amp;identifier=karin.hidber@benq.com&amp;track=1&amp;type=ar&amp;action=click\" title=\"http:\/\/benq.ch\/products\/?nlid=5826&amp;identifier=karin.hidber@benq.com&amp;track=1&amp;type=ar&amp;action=click\" target=\"_blank\"><span style=\"color:#333333;\"><span style=\"color:#333333;\">BenQ.ch\/products<\/span><\/span><\/a>. <\/p>\n<p \/>  Wir w&uuml;nschen Ihnen viel Spass beim St&ouml;bern und einen erfolgreichen September.<\/p>\n<p \/>  Ihr BenQ Team aus der Schweiz<\/p>\n<p \/>  <\/span><\/span> <span style=\"color:#333333;font-family:Arial;font-size:xx-small;\"><\/span><span style=\"color:#333333;font-family:Arial;font-size:xx-small;\"><\/span><a href=\"http:\/\/zizilia.benq-eu.com\/attachments\/5826\/Preisliste_EU_Sept.10.pdf?nlid=5826&amp;identifier=karin.hidber@benq.com\n&amp;track=1&amp;type=ar&amp;action=click\" target=\"_blank\"><\/p>\n<div class='p_embed p_image_embed'><img loading=\"lazy\" decoding=\"async\" alt=\"5unknownname\" height=\"65\" src=\"http:\/\/www.lichttechnik.info\/news\/wp-content\/uploads\/2013\/04\/5unknownname29.jpg\" width=\"113\" \/><\/div>\n<p><\/a><span style=\"color:#333333;font-family:Arial;font-size:xx-small;\"><\/span><span style=\"color:#333333;font-family:Arial;font-size:xx-small;\"><span style=\"font-size:8.5pt;font-family:Arial;color:#333333;\"><\/p>\n<p \/>\n<p \/> <\/span><\/span><span style=\"color:#333333;font-family:Arial;font-size:xx-small;\"><span style=\"font-size:9pt;font-family:Arial;color:#333333;\"><br \/> <span class=\"bodytext1\"><span style=\"color:#333333;font-family:Arial;\">___________________________________________________________________________________<\/span><\/span><\/span><\/span><\/p>\n<table class=\"MsoNormalTable\" border=\"0\" width=\"582\">\n<tr>\n<td style=\"padding:0;\" width=\"25%\"><\/td>\n<td style=\"padding:0;\" width=\"25%\"><\/td>\n<td style=\"padding:0;\" width=\"25%\"><\/td>\n<\/tr>\n<tr>\n<td valign=\"top\" style=\"padding:0;\"><\/td>\n<td valign=\"top\" style=\"padding:0;\"><\/td>\n<td valign=\"top\" style=\"padding:0;\"><\/td>\n<\/tr>\n<\/table>\n<p><span class=\"bodytext1\"><span style=\"color:#333333;font-family:Arial;font-size:xx-small;\"><span style=\"font-size:8.5pt;\">&nbsp;________________________________________________________________________________________________<\/span><\/span><\/span><\/p>\n<p><span class=\"bodytext1\"><span style=\"color:#333333;font-family:Arial;font-size:xx-small;\"><span style=\"font-size:8.5pt;\">HDMI, das HDMI-Logo und High-Definition Multimedia Interface sind Warenzeichen oder registrierte Warenzeichen der HDMI Licensing LLC. Technische &Auml;nderungen, Farbabweichungen und Irrt&uuml;mer vorbehalten. Der Screeninhalt ist eine gesch&uuml;tzte Bildmarke der BenQ Deutschland GmbH.<\/span><\/span><\/span><\/p>\n<\/td>\n<\/tr>\n<\/table>\n<p><span style=\"font-family:Times New Roman;font-size:small;\"><span style=\"font-size:12pt;\"><br \/> <\/span><\/span><\/p>\n<\/td>\n<\/tr>\n<\/table>\n<\/div>\n<p style=\"text-align:center;\"><span style=\"font-family:Times New Roman;font-size:small;\"><\/span><\/p>\n<p \/>\n<p style=\"text-align:center;\"><span class=\"footer1\"><span style=\"color:black;font-family:Arial;font-size:xx-small;\"><span style=\"font-size:8pt;color:windowtext;\"><a href=\"http:\/\/BenQ.ch\/legal\/?identifier=karin.hidber@benq.com&amp;nlid=5826&amp;email=karin.hidber@benq.com&amp;action=unregister&amp;type=ar\" title=\"http:\/\/benq.ch\/legal\/?identifier=karin.hidber@benq.com&amp;nlid=5826&amp;email=karin.hidber@benq.com&amp;action=unregister&amp;type=ar\"><span style=\"color:black;\"><span style=\"color:windowtext;\"><br \/> <\/span><\/span><\/a><\/span><\/span><\/span><span style=\"font-family:Arial;font-size:x-small;\"><\/span><\/p>\n<\/div>\n<p>&nbsp;<\/p>\n<p><div class='p_embed p_image_embed'><img loading=\"lazy\" decoding=\"async\" alt=\"0unknownname\" height=\"112\" src=\"http:\/\/www.lichttechnik.info\/news\/wp-content\/uploads\/2013\/04\/0unknownname39.jpg\" width=\"108\" \/><img loading=\"lazy\" decoding=\"async\" alt=\"1unknownname\" height=\"112\" src=\"http:\/\/www.lichttechnik.info\/news\/wp-content\/uploads\/2013\/04\/1unknownname36.jpg\" width=\"82\" \/><img loading=\"lazy\" decoding=\"async\" alt=\"2unknownname\" height=\"66\" src=\"http:\/\/www.lichttechnik.info\/news\/wp-content\/uploads\/2013\/04\/2unknownname30.jpg\" width=\"120\" \/><img loading=\"lazy\" decoding=\"async\" alt=\"3unknownname\" height=\"68\" src=\"http:\/\/www.lichttechnik.info\/news\/wp-content\/uploads\/2013\/04\/3unknownname30.jpg\" width=\"120\" \/><img loading=\"lazy\" decoding=\"async\" alt=\"4unknownname\" height=\"98\" src=\"http:\/\/www.lichttechnik.info\/news\/wp-content\/uploads\/2013\/04\/4unknownname29.jpg\" width=\"112\" \/><\/div><\/p>\n","protected":false},"excerpt":{"rendered":"<p>Newsletter September 2010 *** 358  sehenswert! Liebe Gesch\u00e4ftspartner Ab sofort bieten wir Ihnen s\u00e4mtliche Monitore und einige Projektoren zu g\u00fcnstigeren Konditionen an! Die Preise sowie die technischen Spezifikationen finden Sie auf den beige&#8230;<\/p>\n","protected":false},"author":1,"featured_media":0,"comment_status":"open","ping_status":"open","sticky":false,"template":"","format":"standard","meta":{"footnotes":""},"categories":[1],"tags":[],"class_list":["post-28689751","post","type-post","status-publish","format-standard","hentry","category-uncategorized"],"_links":{"self":[{"href":"https:\/\/www.lichttechnik.info\/news\/wp-json\/wp\/v2\/posts\/28689751","targetHints":{"allow":["GET"]}}],"collection":[{"href":"https:\/\/www.lichttechnik.info\/news\/wp-json\/wp\/v2\/posts"}],"about":[{"href":"https:\/\/www.lichttechnik.info\/news\/wp-json\/wp\/v2\/types\/post"}],"author":[{"embeddable":true,"href":"https:\/\/www.lichttechnik.info\/news\/wp-json\/wp\/v2\/users\/1"}],"replies":[{"embeddable":true,"href":"https:\/\/www.lichttechnik.info\/news\/wp-json\/wp\/v2\/comments?post=28689751"}],"version-history":[{"count":0,"href":"https:\/\/www.lichttechnik.info\/news\/wp-json\/wp\/v2\/posts\/28689751\/revisions"}],"wp:attachment":[{"href":"https:\/\/www.lichttechnik.info\/news\/wp-json\/wp\/v2\/media?parent=28689751"}],"wp:term":[{"taxonomy":"category","embeddable":true,"href":"https:\/\/www.lichttechnik.info\/news\/wp-json\/wp\/v2\/categories?post=28689751"},{"taxonomy":"post_tag","embeddable":true,"href":"https:\/\/www.lichttechnik.info\/news\/wp-json\/wp\/v2\/tags?post=28689751"}],"curies":[{"name":"wp","href":"https:\/\/api.w.org\/{rel}","templated":true}]}}