{"id":175094016,"date":"2014-08-02T15:23:15","date_gmt":"2014-08-02T14:23:15","guid":{"rendered":"http:\/\/www.lichttechnik.info\/news\/?p=175094016"},"modified":"2014-10-05T20:46:41","modified_gmt":"2014-10-05T18:46:41","slug":"august-september-aktionen","status":"publish","type":"post","link":"https:\/\/www.lichttechnik.info\/news\/2014\/08\/august-september-aktionen\/","title":{"rendered":"August-September Aktionen"},"content":{"rendered":"<div>      <\/p>\n<div class=\"moz-forward-container\">\n<blockquote style=\"MARGIN: 0cm 0cm 0pt\" dir=\"ltr\">\n<blockquote style=\"MARGIN: 0cm 0cm 0pt\" dir=\"ltr\"><p><strong><font                size=\"5\">SOMMER-KNALLER Aktionen 2014<\/font><\/strong>            <\/p>\n<p style=\"MARGIN-RIGHT: 0px\" dir=\"ltr\">Sehr geehrter              Gesch\u00e4ftspartner<\/p>\n<p style=\"MARGIN-RIGHT: 0px\" dir=\"ltr\">P\u00fcnktlich auf zum              Nationalfeiertag lassen auch wir es &#8220;knallen&#8221;! <\/p>\n<p style=\"MARGIN-RIGHT: 0px\" dir=\"ltr\">Unsere sommerlichen              Angebote, welche zwei Monate g\u00fcltig sind, finden Sie im              nachstehenden Link. Sie werden<br \/>              nebst vielen MIPRO-Kombinationen auch einen aktiven              P.A.-Lautsprecher, welche f\u00fcr jede Sommernachtsparty <br \/>              die passende Beschallung bietet, antreffen. Ebenso finden              Sie den bew\u00e4hrten Installations-Mixer &#8220;Compact-8&#8221; <br \/>              sowie Endverst\u00e4rker in verschiedenen Leistungsstufen zu              erfrischenden Konditionen.<\/p>\n<p style=\"MARGIN-RIGHT: 0px\" dir=\"ltr\">Geichzeitig nutzen wir              die Gelegenheit, Ihnen den aktuellen Link f\u00fcr unsere              bebilderte Liquidations-Liste zukommen<br \/>              zu lassen. Profitieren Sie und helfen Sie uns Lagerplatz              freizumachen!<\/p>\n<p style=\"MARGIN-RIGHT: 0px\" dir=\"ltr\">Wir w\u00fcnschen Ihnen              einen sch\u00f6nen Restsommer und viel Spass bei der Durchsicht              dieser Angebote.<\/p>\n<p>            <\/p>\n<p style=\"MARGIN-RIGHT: 0px\" dir=\"ltr\">Hier gehts zu unseren              Sommer-Knaller Aktionen (ca.\u00a04.2 MB)<a                moz-do-not-send=\"true\" class=\"moz-txt-link-freetext\"                href=\"http:\/\/z-audio.ch\/files\/Sommer_Aktionen14.pdf\"><\/a><\/p>\n<p style=\"MARGIN-RIGHT: 0px\" dir=\"ltr\">Hier gehts zu unserer              aktuellen Liquidationsliste (ca. 3 MB)<a                moz-do-not-send=\"true\" class=\"moz-txt-link-freetext\"                href=\"http:\/\/z-audio.ch\/files\/Liquidation_2014.pdf\"><\/a><\/p>\n<p style=\"MARGIN-RIGHT: 0px\" dir=\"ltr\"><font size=\"2\"><em>(Um                  diese PDF-Dateien richtig darzustellen, empfehlen wir                  Ihnen die Dateien mit dem original Acrobat Reader zu                  \u00f6ffnen!)<\/em><\/font><\/p>\n<p style=\"MARGIN-RIGHT: 0px\" dir=\"ltr\">\u00a0            <\/p>\n<\/blockquote>\n<\/blockquote><\/div>\n<p>    <\/div>\n<p><\/p>\n","protected":false},"excerpt":{"rendered":"<p>SOMMER-KNALLER Aktionen 2014 Sehr geehrter Gesch\u00e4ftspartner P\u00fcnktlich auf zum Nationalfeiertag lassen auch wir es &#8220;knallen&#8221;! Unsere sommerlichen Angebote, welche zwei Monate g\u00fcltig sind, finden Sie im nachstehenden Link. Sie werden nebst vielen MIPRO-Kombinationen auch einen aktiven P.A.-Lautsprecher, welche f\u00fcr jede Sommernachtsparty die passende Beschallung bietet, antreffen. Ebenso finden Sie den bew\u00e4hrten Installations-Mixer &#8220;Compact-8&#8221; sowie Endverst\u00e4rker [&hellip;]<\/p>\n","protected":false},"author":1,"featured_media":0,"comment_status":"open","ping_status":"open","sticky":false,"template":"","format":"standard","meta":{"footnotes":""},"categories":[11],"tags":[],"class_list":["post-175094016","post","type-post","status-publish","format-standard","hentry","category-news"],"_links":{"self":[{"href":"https:\/\/www.lichttechnik.info\/news\/wp-json\/wp\/v2\/posts\/175094016","targetHints":{"allow":["GET"]}}],"collection":[{"href":"https:\/\/www.lichttechnik.info\/news\/wp-json\/wp\/v2\/posts"}],"about":[{"href":"https:\/\/www.lichttechnik.info\/news\/wp-json\/wp\/v2\/types\/post"}],"author":[{"embeddable":true,"href":"https:\/\/www.lichttechnik.info\/news\/wp-json\/wp\/v2\/users\/1"}],"replies":[{"embeddable":true,"href":"https:\/\/www.lichttechnik.info\/news\/wp-json\/wp\/v2\/comments?post=175094016"}],"version-history":[{"count":0,"href":"https:\/\/www.lichttechnik.info\/news\/wp-json\/wp\/v2\/posts\/175094016\/revisions"}],"wp:attachment":[{"href":"https:\/\/www.lichttechnik.info\/news\/wp-json\/wp\/v2\/media?parent=175094016"}],"wp:term":[{"taxonomy":"category","embeddable":true,"href":"https:\/\/www.lichttechnik.info\/news\/wp-json\/wp\/v2\/categories?post=175094016"},{"taxonomy":"post_tag","embeddable":true,"href":"https:\/\/www.lichttechnik.info\/news\/wp-json\/wp\/v2\/tags?post=175094016"}],"curies":[{"name":"wp","href":"https:\/\/api.w.org\/{rel}","templated":true}]}}