{"id":175093950,"date":"2013-10-02T20:42:52","date_gmt":"2013-10-02T19:42:52","guid":{"rendered":"http:\/\/www.lichttechnik.info\/news\/?p=175093950"},"modified":"2013-10-02T22:01:03","modified_gmt":"2013-10-02T20:01:03","slug":"produktvorstellung-spindelfus-dolly","status":"publish","type":"post","link":"https:\/\/www.lichttechnik.info\/news\/2013\/10\/produktvorstellung-spindelfus-dolly\/","title":{"rendered":"Produktvorstellung Spindelfu\u00df-Dolly"},"content":{"rendered":"<div>      <\/p>\n<div class=\"moz-forward-container\">        <meta http-equiv=\"Content-Type\" content=\"text\/html; charset=UTF-8\">        <title>Produktvorstellung Spindelfu\u00df-Dolly<\/title>        <img loading=\"lazy\" decoding=\"async\" moz-do-not-send=\"true\"  src=\"http:\/\/newslettertool2.1und1.de\/subscriber-frontend\/pixel-tracking?contactUuid=6ac8ba31-026e-4a39-a272-5f81aa0ce77c&amp;campaignUuid=3d8575de-97cf-4328-ba10-929a0c6bff21\"          width=\"1\" height=\"1\" border=\"0\">        <\/p>\n<table class=\"nlt\" style=\"width: 550px; background-color: rgb(255,          255, 255); \" width=\"550\" align=\"center\" bgcolor=\"#ffffff\"          border=\"0\" cellpadding=\"0\" cellspacing=\"0\">\n<tbody>\n<tr>\n<td style=\"width: 550px; padding: 0px; height: 16px;                line-height: 1; \" width=\"550\" height=\"16\">\u00a0<\/td>\n<\/tr>\n<tr>\n<td style=\"width: 550px; padding: 14px 30px 0px; \"                width=\"550\">\n<div data-module=\"image\" style=\"overflow: hidden; width:                  490px; padding: 0px; \">\n<table style=\"width: 490px; float: none; margin: 0px                    auto 16px; \" width=\"490\" align=\"center\" border=\"0\"                    cellpadding=\"0\" cellspacing=\"0\">\n<tbody>\n<tr>\n<td style=\"width: 490px; \" width=\"490\"> <img loading=\"lazy\" decoding=\"async\"                            moz-do-not-send=\"true\"  src=\"https:\/\/pics.newslettertool.1and1.eu\/rdr\/image\/2ed9d9d0-629c-4ba6-ae29-7572011e622b\/9db80254-2415-4300-b48a-275681b5c9d3?asThumbnail=false\"                            data-width=\"1654\" data-height=\"1782\"                            width=\"490\" height=\"527\" border=\"0\"> <\/td>\n<\/tr>\n<tr>\n<td style=\"width: 490px; text-align: left;                          padding-top: 0px; \" width=\"490\">                        <\/td>\n<\/tr>\n<\/tbody>\n<\/table><\/div>\n<\/td>\n<\/tr>\n<tr>\n<td style=\"width: 550px; padding: 14px 30px 0px; \"                width=\"550\">\n<div data-module=\"text\" style=\"overflow: hidden; width:                  490px; padding: 0px; \">\n<p><strong>Sehr geehrte Damen und Herren,<\/strong><\/p>\n<p><strong>mit diesem Newsletter m\u00f6chten wir Ihnen ein                      neues Produkt vorstellen.<\/strong><\/p>\n<p><strong>Es handelt sich dabei um eine Lager- und                      Transportm\u00f6glichkeit f\u00fcr Spindelf\u00fc\u00dfe.<\/strong><\/p>\n<p><strong>Die Vorteile f\u00fcr den professionellen Anwender                      liegen auf der Hand:<\/strong><\/p>\n<p><strong>&gt; kleinere, handliche Einheiten (bis zu 50                      Spindelf\u00fc\u00dfe im Standardmodell) erm\u00f6glichen                      kosteng\u00fcnstige Kommissionierung und Bereitstellung                      von Spindelf\u00fc\u00dfen auch f\u00fcr Produktionen, bei denen                      kein Staplereinsatz vorgesehen ist<\/strong><\/p>\n<p><strong>&gt; schnelle \u00dcbersicht evtl. Fehlmengen im                      DryHire-Gesch\u00e4ft<\/strong><\/p>\n<p><strong>&gt; kein l\u00e4stiges &#8220;Abz\u00e4hlen ins Case&#8221; mehr<\/strong><\/p>\n<p><strong>&gt; dennoch voll &#8220;Stapler- und                      Trucktauglich&#8221;<\/strong><\/p>\n<p><strong>&gt; robuste, feuerverzinkte Konstruktion<\/strong><\/p>\n<p><strong>&gt; sowohl im Truck als auch im Lager leicht                      stapelbar<\/strong><\/p>\n<p><strong>&gt; sofort als Paket lieferbar!<\/strong><\/p>\n<p><strong>&gt; etc.<\/strong><\/p>\n<p><strong>\u00a0<\/strong><\/p>\n<p><strong>Durch die sofortige und dauerhafte Einsparung                      von Personalkosten amortisiert sich diese                      Anschaffung innerhalb k\u00fcrzester Zeit.<\/strong><\/p>\n<p><strong>Es gilt auch hier:<\/strong><\/p>\n<p><strong><em>&#8220;Personalkosten sind in Deutschland die                        h\u00f6chste finanzielle Belastung f\u00fcr (fast) jedes                        Unternehmen!&#8221;<\/em><\/strong><\/p>\n<p><strong>Durch clevere Produkte und damit                      einhergehende Optimierungen von Arbeitsabl\u00e4ufen                      lassen sich diese Kosten nachhaltig reduzieren!                      Sicherlich fallen damit allein nicht sofort ganze                      Stellen weg, jedoch leisten Sie einen sp\u00fcrbaren                      Beitrag zur Entlastung Ihrer Mitarbeiter. Als Folge                      k\u00f6nnen die festen oder auch freien Mitarbeiter die                      Produktionen deutlich besser vorbereiten und so                      wom\u00f6glich teure Nachlieferungen etc. vermeiden.<\/strong><\/p>\n<p><strong>Fordern Sie daher noch heute ihr Angebot an!<\/strong><\/p>\n<p><strong>Selbstverst\u00e4ndlich sind wir auch jederzeit                      gerne f\u00fcr R\u00fcckfragen &#8211; zu diesem oder zu einem                      anderen unserer Produkte &#8211; f\u00fcr Sie erreichbar.<\/strong><\/p>\n<p><strong>Mit freundlichen Gr\u00fc\u00dfen<\/strong><\/p>\n<p>                  <\/p>\n<p><strong><em>&#8211; Entwicklung, Herstellung und Vertrieb                        von Sonderkonstruktionen in der                        Veranstaltungstechnik &#8211;<\/em><\/strong><\/p>\n<p><strong>\u00a0<\/strong><\/p>\n<\/p><\/div>\n<\/td>\n<\/tr>\n<tr>\n<td style=\"width: 550px; padding: 0px; height: 14px;                line-height: 1; \" width=\"550\" height=\"14\">\u00a0<\/td>\n<\/tr>\n<\/tbody>\n<\/table>\n<table class=\"nlt\" style=\"background-color:#eaeaea;\" width=\"550\"          align=\"center\" bgcolor=\"#eaeaea\" border=\"0\" cellpadding=\"0\"          cellspacing=\"0\">\n<tbody>\n<tr>\n<td colspan=\"2\"                style=\"width:550px;height:16px;line-height:1;padding:0;\"                width=\"550\" height=\"16\">\u00a0<\/td>\n<\/tr>\n<tr>\n<td colspan=\"2\" style=\"width:550px;padding:14px 30px 0px                30px;text-align:left;\" width=\"550\">              <\/td>\n<\/tr>\n<tr>\n<td                style=\"width:275px;vertical-align:top;text-align:left;padding:0                15px 0 30px;\" valign=\"top\" width=\"275\" align=\"left\">              <\/td>\n<td                style=\"width:275px;vertical-align:top;text-align:left;padding:0                30px 0 15px;\" valign=\"top\" width=\"275\" align=\"left\">              <\/td>\n<\/tr>\n<tr>\n<td colspan=\"2\" style=\"width:550px;padding:0 30px;\"                width=\"550\">              <\/td>\n<\/tr>\n<tr>\n<td colspan=\"2\" style=\"width:550px;padding:16px 30px 0                30px;\" width=\"550\">              <\/td>\n<\/tr>\n<tr>\n<td colspan=\"2\"                style=\"width:550px;height:14px;line-height:1;padding:0;\"                width=\"550\" height=\"14\">\u00a0<\/td>\n<\/tr>\n<\/tbody>\n<\/table>\n<p>      <\/div>\n<p>    <\/div>\n<p><\/p>\n","protected":false},"excerpt":{"rendered":"<p>Produktvorstellung Spindelfu\u00df-Dolly \u00a0 Sehr geehrte Damen und Herren, mit diesem Newsletter m\u00f6chten wir Ihnen ein neues Produkt vorstellen. Es handelt sich dabei um eine Lager- und Transportm\u00f6glichkeit f\u00fcr Spindelf\u00fc\u00dfe. Die Vorteile f\u00fcr den professionellen Anwender liegen auf der Hand: &gt; kleinere, handliche Einheiten (bis zu 50 Spindelf\u00fc\u00dfe im Standardmodell) erm\u00f6glichen kosteng\u00fcnstige Kommissionierung und Bereitstellung von [&hellip;]<\/p>\n","protected":false},"author":1,"featured_media":0,"comment_status":"open","ping_status":"open","sticky":false,"template":"","format":"standard","meta":{"footnotes":""},"categories":[11],"tags":[],"class_list":["post-175093950","post","type-post","status-publish","format-standard","hentry","category-news"],"_links":{"self":[{"href":"https:\/\/www.lichttechnik.info\/news\/wp-json\/wp\/v2\/posts\/175093950","targetHints":{"allow":["GET"]}}],"collection":[{"href":"https:\/\/www.lichttechnik.info\/news\/wp-json\/wp\/v2\/posts"}],"about":[{"href":"https:\/\/www.lichttechnik.info\/news\/wp-json\/wp\/v2\/types\/post"}],"author":[{"embeddable":true,"href":"https:\/\/www.lichttechnik.info\/news\/wp-json\/wp\/v2\/users\/1"}],"replies":[{"embeddable":true,"href":"https:\/\/www.lichttechnik.info\/news\/wp-json\/wp\/v2\/comments?post=175093950"}],"version-history":[{"count":0,"href":"https:\/\/www.lichttechnik.info\/news\/wp-json\/wp\/v2\/posts\/175093950\/revisions"}],"wp:attachment":[{"href":"https:\/\/www.lichttechnik.info\/news\/wp-json\/wp\/v2\/media?parent=175093950"}],"wp:term":[{"taxonomy":"category","embeddable":true,"href":"https:\/\/www.lichttechnik.info\/news\/wp-json\/wp\/v2\/categories?post=175093950"},{"taxonomy":"post_tag","embeddable":true,"href":"https:\/\/www.lichttechnik.info\/news\/wp-json\/wp\/v2\/tags?post=175093950"}],"curies":[{"name":"wp","href":"https:\/\/api.w.org\/{rel}","templated":true}]}}